{"id":9390,"date":"2019-11-22T11:26:37","date_gmt":"2019-11-22T14:26:37","guid":{"rendered":"http:\/\/afogadosonline.com.br\/wp\/?p=9390"},"modified":"2019-11-22T11:26:37","modified_gmt":"2019-11-22T14:26:37","slug":"ex-prefeito-de-serra-branca-pb-e-condenado-a-2-anos-e-6-meses-de-detencao","status":"publish","type":"post","link":"https:\/\/afogadosonline.com.br\/index.php\/2019\/11\/22\/ex-prefeito-de-serra-branca-pb-e-condenado-a-2-anos-e-6-meses-de-detencao\/","title":{"rendered":"Ex-prefeito de Serra Branca-PB, \u00e9 condenado a 2 anos e 6 meses de deten\u00e7\u00e3o"},"content":{"rendered":"<p><img fetchpriority=\"high\" decoding=\"async\" class=\"irc_mi aligncenter\" src=\"http:\/\/www.serrabranca.pb.gov.br\/imagens\/noticias\/8FD4AP7X65EIQX4H23JN.jpg\" alt=\"Resultado de imagem para serra branca pb\" width=\"489\" height=\"262\" \/><\/p>\n<p style=\"text-align: justify;\"><span style=\"font-family: verdana, geneva, sans-serif;\">O ex-prefeito de Serra Branca-PB, Eduardo Jos\u00e9 Torre\u00e3o Mota, foi condenado a dois anos e seis meses de deten\u00e7\u00e3o, por crime de responsabilidade. A pena foi convertida em presta\u00e7\u00e3o de servi\u00e7os \u00e0 comunidade e presta\u00e7\u00e3o pecuni\u00e1ria no valor de 10 sal\u00e1rios m\u00ednimos. O ex-gestor foi tamb\u00e9m declarado como inapto pelo prazo de cinco anos para o exerc\u00edcio de cargo ou fun\u00e7\u00e3o p\u00fablica, eletiva ou de nomea\u00e7\u00e3o. Cabe recurso da decis\u00e3o.<\/span><\/p>\n<p style=\"text-align: justify;\"><span style=\"font-family: verdana, geneva, sans-serif;\">A senten\u00e7a foi proferida pelo juiz Jos\u00e9 Irlando Sobreira Machado, da Vara \u00danica da Comarca de Serra Branca. A den\u00fancia, do Minist\u00e9rio P\u00fablico Estadual, aponta que o ex-prefeito, durante os anos de 2010 a 2012, admitiu e nomeou 146 servidores para exercerem fun\u00e7\u00f5es na administra\u00e7\u00e3o p\u00fablica, em afronta ao que determina a Lei Municipal n\u00ba 245\/97, que disp\u00f5e sobre a contrata\u00e7\u00e3o de servidores em car\u00e1ter tempor\u00e1rio e por tempo determinado para suprir excepcional interesse p\u00fablico.<\/span><\/p>\n<p style=\"text-align: justify;\"><span style=\"font-family: verdana, geneva, sans-serif;\">A defesa do ex-prefeito pediu absolvi\u00e7\u00e3o alegando n\u00e3o haver qualquer prova que demonstrasse o dolo e qualquer afronta aos princ\u00edpios da moralidade e impessoalidade. Por\u00e9m, o juiz Jos\u00e9 Irlando entendeu que ficou evidente que as contrata\u00e7\u00f5es foram efetivadas de forma irregular.<\/span><\/p>\n<p style=\"text-align: justify;\"><span style=\"font-family: verdana, geneva, sans-serif;\">\u201cA materialidade mostrou-se comprovada, uma vez que a conduta de contratar servidores contra expressa disposi\u00e7\u00e3o de lei, de fato, ocorreu. Quanto \u00e0 autoria, tamb\u00e9m n\u00e3o h\u00e1 d\u00favidas, posto que o acusado \u00e9 quem assina todos os documentos, n\u00e3o tendo o r\u00e9u, em nenhum momento, alegado nada contr\u00e1rio\u201d, ressaltou o juiz.<\/span><\/p>\n","protected":false},"excerpt":{"rendered":"<p>O ex-prefeito de Serra Branca-PB, Eduardo Jos&eacute; Torre&atilde;o Mota, foi condenado a dois anos e seis meses de deten&ccedil;&atilde;o, por crime de responsabilidade. A pena foi convertida em presta&ccedil;&atilde;o de servi&ccedil;os &agrave; comunidade e presta&ccedil;&atilde;o pecuni&aacute;ria no valor de 10 sal&aacute;rios m&iacute;nimos. O ex-gestor foi tamb&eacute;m declarado como inapto pelo prazo de cinco anos para &#8230; <a title=\"Ex-prefeito de Serra Branca-PB, \u00e9 condenado a 2 anos e 6 meses de deten\u00e7\u00e3o\" class=\"read-more\" href=\"https:\/\/afogadosonline.com.br\/index.php\/2019\/11\/22\/ex-prefeito-de-serra-branca-pb-e-condenado-a-2-anos-e-6-meses-de-detencao\/\" aria-label=\"Read more about Ex-prefeito de Serra Branca-PB, \u00e9 condenado a 2 anos e 6 meses de deten\u00e7\u00e3o\">Ler mais<\/a><\/p>\n","protected":false},"author":2,"featured_media":0,"comment_status":"open","ping_status":"open","sticky":false,"template":"","format":"standard","meta":{"footnotes":""},"categories":[2],"tags":[],"class_list":["post-9390","post","type-post","status-publish","format-standard","hentry","category-uncategorised"],"_links":{"self":[{"href":"https:\/\/afogadosonline.com.br\/index.php\/wp-json\/wp\/v2\/posts\/9390"}],"collection":[{"href":"https:\/\/afogadosonline.com.br\/index.php\/wp-json\/wp\/v2\/posts"}],"about":[{"href":"https:\/\/afogadosonline.com.br\/index.php\/wp-json\/wp\/v2\/types\/post"}],"author":[{"embeddable":true,"href":"https:\/\/afogadosonline.com.br\/index.php\/wp-json\/wp\/v2\/users\/2"}],"replies":[{"embeddable":true,"href":"https:\/\/afogadosonline.com.br\/index.php\/wp-json\/wp\/v2\/comments?post=9390"}],"version-history":[{"count":1,"href":"https:\/\/afogadosonline.com.br\/index.php\/wp-json\/wp\/v2\/posts\/9390\/revisions"}],"predecessor-version":[{"id":9391,"href":"https:\/\/afogadosonline.com.br\/index.php\/wp-json\/wp\/v2\/posts\/9390\/revisions\/9391"}],"wp:attachment":[{"href":"https:\/\/afogadosonline.com.br\/index.php\/wp-json\/wp\/v2\/media?parent=9390"}],"wp:term":[{"taxonomy":"category","embeddable":true,"href":"https:\/\/afogadosonline.com.br\/index.php\/wp-json\/wp\/v2\/categories?post=9390"},{"taxonomy":"post_tag","embeddable":true,"href":"https:\/\/afogadosonline.com.br\/index.php\/wp-json\/wp\/v2\/tags?post=9390"}],"curies":[{"name":"wp","href":"https:\/\/api.w.org\/{rel}","templated":true}]}}