{"id":9386,"date":"2019-11-21T20:47:36","date_gmt":"2019-11-21T23:47:36","guid":{"rendered":"http:\/\/afogadosonline.com.br\/wp\/?p=9386"},"modified":"2019-11-21T20:47:36","modified_gmt":"2019-11-21T23:47:36","slug":"ja-tinha-enchido-diz-leo-sobre-fim-da-dupla-com-victor","status":"publish","type":"post","link":"https:\/\/afogadosonline.com.br\/index.php\/2019\/11\/21\/ja-tinha-enchido-diz-leo-sobre-fim-da-dupla-com-victor\/","title":{"rendered":"&#8220;J\u00e1 tinha enchido&#8221;, diz Leo sobre fim da dupla com Victor"},"content":{"rendered":"<p><img fetchpriority=\"high\" decoding=\"async\" class=\"aligncenter\" src=\"https:\/\/p2.trrsf.com\/image\/fget\/cf\/460\/0\/images.terra.com\/2019\/11\/21\/leochavesreproducaoinstagram36425036.jpg\" alt=\"Leo Chaves sobre dupla com Victor Ja tinha enchido o saco\" width=\"490\" height=\"279\" \/><\/p>\n<p style=\"text-align: justify;\"><span style=\"font-family: verdana, geneva, sans-serif;\">Leo Chaves falou nesta quarta-feira, 20, em entrevista \u00e0 Danilo Gentili no The Noite, do SBT, sobre fatos curiosos de sua carreira e o fim da dupla sertaneja com seu irm\u00e3o Victor Chaves.<\/span><\/p>\n<p style=\"text-align: justify;\"><span style=\"font-family: verdana, geneva, sans-serif;\">Ele j\u00e1 havia explicado no come\u00e7o deste ano que os dois viviam sob constantes brigas, incluindo o per\u00edodo em que participaram do The Voice Kids como jurados. No entanto, refor\u00e7ou o desgaste dizendo que a parceria de quase tr\u00eas d\u00e9cadas j\u00e1 tinha &#8216;enchido o saco&#8217;.<\/span><\/p>\n<p style=\"text-align: justify;\"><span style=\"font-family: verdana, geneva, sans-serif;\">&#8220;Faz falta a segunda voz e o viol\u00e3o dele. Mas j\u00e1 tinha enchido o saco, principalmente ele. Foram 27 anos. E depois que voc\u00ea vem de uma marca como &#8216;Victor e Leo&#8217; voc\u00ea tenta ser s\u00f3 o Leo e nunca consegue&#8221;, afirma. &#8220;Pedem para tirar foto comigo e perguntam: &#8216;o Leo est\u00e1 a\u00ed?&#8217;. Dizem: &#8216;olha o Victor e Leo a\u00ed&#8217;.&#8221;<\/span><\/p>\n<p style=\"text-align: justify;\"><span style=\"font-family: verdana, geneva, sans-serif;\">Para al\u00e9m do passado com o irm\u00e3o, o cantor recordou de quando bebeu querosene, no come\u00e7o da carreira, para curar uma rouquid\u00e3o.<\/span><\/p>\n<p style=\"text-align: justify;\"><span style=\"font-family: verdana, geneva, sans-serif;\">&#8220;O sanfoneiro falou para eu tomar querosene com caf\u00e9. Um pouquinho s\u00f3. A voz melhorou, mas de cinco em cinco minutos eu ia no banheiro. Meu ar tinha gosto de querosene, meu suor. Tudo era querosene. Chegou na hora do show minha voz acabou, n\u00e3o adiantou nada&#8221;, revela.<\/span><\/p>\n","protected":false},"excerpt":{"rendered":"<p>Leo Chaves falou nesta quarta-feira, 20, em entrevista &agrave; Danilo Gentili no The Noite, do SBT, sobre fatos curiosos de sua carreira e o fim da dupla sertaneja com seu irm&atilde;o Victor Chaves. Ele j&aacute; havia explicado no come&ccedil;o deste ano que os dois viviam sob constantes brigas, incluindo o per&iacute;odo em que participaram do &#8230; <a title=\"&#8220;J\u00e1 tinha enchido&#8221;, diz Leo sobre fim da dupla com Victor\" class=\"read-more\" href=\"https:\/\/afogadosonline.com.br\/index.php\/2019\/11\/21\/ja-tinha-enchido-diz-leo-sobre-fim-da-dupla-com-victor\/\" aria-label=\"Read more about &#8220;J\u00e1 tinha enchido&#8221;, diz Leo sobre fim da dupla com Victor\">Ler mais<\/a><\/p>\n","protected":false},"author":2,"featured_media":0,"comment_status":"open","ping_status":"open","sticky":false,"template":"","format":"standard","meta":{"footnotes":""},"categories":[2],"tags":[],"class_list":["post-9386","post","type-post","status-publish","format-standard","hentry","category-uncategorised"],"_links":{"self":[{"href":"https:\/\/afogadosonline.com.br\/index.php\/wp-json\/wp\/v2\/posts\/9386"}],"collection":[{"href":"https:\/\/afogadosonline.com.br\/index.php\/wp-json\/wp\/v2\/posts"}],"about":[{"href":"https:\/\/afogadosonline.com.br\/index.php\/wp-json\/wp\/v2\/types\/post"}],"author":[{"embeddable":true,"href":"https:\/\/afogadosonline.com.br\/index.php\/wp-json\/wp\/v2\/users\/2"}],"replies":[{"embeddable":true,"href":"https:\/\/afogadosonline.com.br\/index.php\/wp-json\/wp\/v2\/comments?post=9386"}],"version-history":[{"count":1,"href":"https:\/\/afogadosonline.com.br\/index.php\/wp-json\/wp\/v2\/posts\/9386\/revisions"}],"predecessor-version":[{"id":9387,"href":"https:\/\/afogadosonline.com.br\/index.php\/wp-json\/wp\/v2\/posts\/9386\/revisions\/9387"}],"wp:attachment":[{"href":"https:\/\/afogadosonline.com.br\/index.php\/wp-json\/wp\/v2\/media?parent=9386"}],"wp:term":[{"taxonomy":"category","embeddable":true,"href":"https:\/\/afogadosonline.com.br\/index.php\/wp-json\/wp\/v2\/categories?post=9386"},{"taxonomy":"post_tag","embeddable":true,"href":"https:\/\/afogadosonline.com.br\/index.php\/wp-json\/wp\/v2\/tags?post=9386"}],"curies":[{"name":"wp","href":"https:\/\/api.w.org\/{rel}","templated":true}]}}