{"id":9093,"date":"2019-10-21T10:34:02","date_gmt":"2019-10-21T13:34:02","guid":{"rendered":"http:\/\/afogadosonline.com.br\/wp\/?p=9093"},"modified":"2019-10-21T10:34:02","modified_gmt":"2019-10-21T13:34:02","slug":"preservar-a-terra-e-salvaguardar-a-vida-das-proximas-geracoes-diz-dom-limacedo-em-caminhada","status":"publish","type":"post","link":"https:\/\/afogadosonline.com.br\/index.php\/2019\/10\/21\/preservar-a-terra-e-salvaguardar-a-vida-das-proximas-geracoes-diz-dom-limacedo-em-caminhada\/","title":{"rendered":"&#8220;Preservar a Terra \u00e9 salvaguardar a vida das pr\u00f3ximas gera\u00e7\u00f5es&#8221;, diz dom Limac\u00eado em caminhada"},"content":{"rendered":"<p><img fetchpriority=\"high\" decoding=\"async\" class=\"aligncenter\" src=\"https:\/\/www.diariodepernambuco.com.br\/static\/app\/noticia_127983242361\/2019\/10\/20\/807709\/20191020165622838798i.jpeg\" alt=\"Foto: Ros\u00c3\u00a1lia Vasconcelos\/DP Foto. \" width=\"494\" height=\"309\" \/><\/p>\n<p style=\"text-align: justify;\"><span style=\"font-family: verdana, geneva, sans-serif;\">Com o objetivo de chamar a aten\u00e7\u00e3o para todas as formas de opress\u00e3o \u00e0 vida e \u00e0 pessoa, a Arquidiocese de Olinda e Recife realizou na tarde deste domingo a 13\u00aa edi\u00e7\u00e3o da Caminhada Sim \u00e0 Vida. O evento, que reuniu cerca de 50 mil pessoas, aconteceu na Avenida Boa Viagem, Zona Sul do Recife, saindo da altura do Edif\u00edcio Castelinho, j\u00e1 pr\u00f3ximo ao bairro de Set\u00fabal, at\u00e9 o Segundo Jardim de Boa Viagem, perto do Pina. O arcebispo de Olinda e Recife, dom Fernando Saburido, n\u00e3o p\u00f4de comparecer pois foi acometido por uma conjuntivite. O bispo auxiliar, dom Limac\u00eado Ant\u00f4nio da Silva, foi o respons\u00e1vel por conduzir a Adora\u00e7\u00e3o ao Sant\u00edssimo Sacramento e dar a ben\u00e7\u00e3o o Sant\u00edssimo aos fi\u00e9is que acompanharam a caminhada. O encerramento do louvor ficou a cargo do padre Dami\u00e3o Silva.<\/span><\/p>\n<p style=\"text-align: justify;\"><span style=\"font-family: verdana, geneva, sans-serif;\">Membros das 140 par\u00f3quias que comp\u00f5em o territ\u00f3rio arquidiocesano, al\u00e9m de movimentos cat\u00f3licos, de comunidades, organiza\u00e7\u00f5es n\u00e3o governamentais e religiosos participaram da caminhada. Um deles foi o Movimento de Mulheres Cat\u00f3licas, que tem entre seus a deputada estadual Terezinha Nunes. \u201cParticipo deste evento desde a primeira edi\u00e7\u00e3o porque ele foi criado justamente para chamar a aten\u00e7\u00e3o para toda forma de injusti\u00e7a que leva \u00e0 morte, como tem acontecido com a persegui\u00e7\u00e3o aos negros e aos ind\u00edgenas, e a todo tipo de viol\u00eancia. Isso aqui \u00e9 um grito dos cat\u00f3licos a favor da vida\u201d, disse Terezinha.<\/span><\/p>\n<p style=\"text-align: right;\"><em>Diario de Pernambuco<\/em><\/p>\n","protected":false},"excerpt":{"rendered":"<p>Com o objetivo de chamar a aten&ccedil;&atilde;o para todas as formas de opress&atilde;o &agrave; vida e &agrave; pessoa, a Arquidiocese de Olinda e Recife realizou na tarde deste domingo a 13&ordf; edi&ccedil;&atilde;o da Caminhada Sim &agrave; Vida. O evento, que reuniu cerca de 50 mil pessoas, aconteceu na Avenida Boa Viagem, Zona Sul do Recife, &#8230; <a title=\"&#8220;Preservar a Terra \u00e9 salvaguardar a vida das pr\u00f3ximas gera\u00e7\u00f5es&#8221;, diz dom Limac\u00eado em caminhada\" class=\"read-more\" href=\"https:\/\/afogadosonline.com.br\/index.php\/2019\/10\/21\/preservar-a-terra-e-salvaguardar-a-vida-das-proximas-geracoes-diz-dom-limacedo-em-caminhada\/\" aria-label=\"Read more about &#8220;Preservar a Terra \u00e9 salvaguardar a vida das pr\u00f3ximas gera\u00e7\u00f5es&#8221;, diz dom Limac\u00eado em caminhada\">Ler mais<\/a><\/p>\n","protected":false},"author":2,"featured_media":0,"comment_status":"open","ping_status":"open","sticky":false,"template":"","format":"standard","meta":{"footnotes":""},"categories":[2],"tags":[],"class_list":["post-9093","post","type-post","status-publish","format-standard","hentry","category-uncategorised"],"_links":{"self":[{"href":"https:\/\/afogadosonline.com.br\/index.php\/wp-json\/wp\/v2\/posts\/9093"}],"collection":[{"href":"https:\/\/afogadosonline.com.br\/index.php\/wp-json\/wp\/v2\/posts"}],"about":[{"href":"https:\/\/afogadosonline.com.br\/index.php\/wp-json\/wp\/v2\/types\/post"}],"author":[{"embeddable":true,"href":"https:\/\/afogadosonline.com.br\/index.php\/wp-json\/wp\/v2\/users\/2"}],"replies":[{"embeddable":true,"href":"https:\/\/afogadosonline.com.br\/index.php\/wp-json\/wp\/v2\/comments?post=9093"}],"version-history":[{"count":1,"href":"https:\/\/afogadosonline.com.br\/index.php\/wp-json\/wp\/v2\/posts\/9093\/revisions"}],"predecessor-version":[{"id":9094,"href":"https:\/\/afogadosonline.com.br\/index.php\/wp-json\/wp\/v2\/posts\/9093\/revisions\/9094"}],"wp:attachment":[{"href":"https:\/\/afogadosonline.com.br\/index.php\/wp-json\/wp\/v2\/media?parent=9093"}],"wp:term":[{"taxonomy":"category","embeddable":true,"href":"https:\/\/afogadosonline.com.br\/index.php\/wp-json\/wp\/v2\/categories?post=9093"},{"taxonomy":"post_tag","embeddable":true,"href":"https:\/\/afogadosonline.com.br\/index.php\/wp-json\/wp\/v2\/tags?post=9093"}],"curies":[{"name":"wp","href":"https:\/\/api.w.org\/{rel}","templated":true}]}}