{"id":9088,"date":"2019-10-20T10:10:10","date_gmt":"2019-10-20T13:10:10","guid":{"rendered":"http:\/\/afogadosonline.com.br\/wp\/?p=9088"},"modified":"2019-10-20T10:10:10","modified_gmt":"2019-10-20T13:10:10","slug":"assembleia-de-bispos-da-amazonia-discute-criacao-do-pecado-ecologico","status":"publish","type":"post","link":"https:\/\/afogadosonline.com.br\/index.php\/2019\/10\/20\/assembleia-de-bispos-da-amazonia-discute-criacao-do-pecado-ecologico\/","title":{"rendered":"Assembleia de bispos da Amaz\u00f4nia discute cria\u00e7\u00e3o do pecado ecol\u00f3gico"},"content":{"rendered":"<p><img fetchpriority=\"high\" decoding=\"async\" class=\"aligncenter\" src=\"https:\/\/f.i.uol.com.br\/fotografia\/2019\/10\/06\/15703590735d99c7214c62c_1570359073_3x2_md.jpg\" alt=\"S\u00ednodo da Amaz\u00f4nia\" width=\"494\" height=\"329\" \/><\/p>\n<p style=\"text-align: justify;\"><span style=\"font-family: verdana, geneva, sans-serif;\">A discuss\u00e3o acontece no S\u00ednodo da Amaz\u00f4nia, assembleia em curso no Vaticano e convocada pelo papa Francisco h\u00e1 dois anos para debater a a\u00e7\u00e3o da Igreja Cat\u00f3lica na regi\u00e3o e a situa\u00e7\u00e3o do meio ambiente e dos moradores do bioma, que abrange nove pa\u00edses.<\/span><\/p>\n<p style=\"text-align: justify;\"><span style=\"font-family: verdana, geneva, sans-serif;\">O tema dos pecados ambientais apareceu logo no segundo dia de trabalhos. Na tarde do dia 8 de outubro, um dos religiosos afirmou na sess\u00e3o, diante do papa, que era preciso &#8220;aprofundar e divulgar uma literatura teol\u00f3gica&#8221; sobre os &#8220;pecados ecol\u00f3gicos&#8221;.<\/span><\/p>\n<p style=\"text-align: justify;\"><span style=\"font-family: verdana, geneva, sans-serif;\">&#8220;Foi prenunciada uma convers\u00e3o ecol\u00f3gica que fa\u00e7a perceber a gravidade do pecado contra o meio ambiente como um pecado contra Deus, contra o pr\u00f3ximo e as futuras gera\u00e7\u00f5es&#8221;, diz o relat\u00f3rio divulgado pelo Vaticano, que n\u00e3o identificou o autor do discurso.<\/span><\/p>\n","protected":false},"excerpt":{"rendered":"<p>A discuss&atilde;o acontece no S&iacute;nodo da Amaz&ocirc;nia, assembleia em curso no Vaticano e convocada pelo papa Francisco h&aacute; dois anos para debater a a&ccedil;&atilde;o da Igreja Cat&oacute;lica na regi&atilde;o e a situa&ccedil;&atilde;o do meio ambiente e dos moradores do bioma, que abrange nove pa&iacute;ses. O tema dos pecados ambientais apareceu logo no segundo dia de &#8230; <a title=\"Assembleia de bispos da Amaz\u00f4nia discute cria\u00e7\u00e3o do pecado ecol\u00f3gico\" class=\"read-more\" href=\"https:\/\/afogadosonline.com.br\/index.php\/2019\/10\/20\/assembleia-de-bispos-da-amazonia-discute-criacao-do-pecado-ecologico\/\" aria-label=\"Read more about Assembleia de bispos da Amaz\u00f4nia discute cria\u00e7\u00e3o do pecado ecol\u00f3gico\">Ler mais<\/a><\/p>\n","protected":false},"author":2,"featured_media":0,"comment_status":"open","ping_status":"open","sticky":false,"template":"","format":"standard","meta":{"footnotes":""},"categories":[2],"tags":[],"class_list":["post-9088","post","type-post","status-publish","format-standard","hentry","category-uncategorised"],"_links":{"self":[{"href":"https:\/\/afogadosonline.com.br\/index.php\/wp-json\/wp\/v2\/posts\/9088"}],"collection":[{"href":"https:\/\/afogadosonline.com.br\/index.php\/wp-json\/wp\/v2\/posts"}],"about":[{"href":"https:\/\/afogadosonline.com.br\/index.php\/wp-json\/wp\/v2\/types\/post"}],"author":[{"embeddable":true,"href":"https:\/\/afogadosonline.com.br\/index.php\/wp-json\/wp\/v2\/users\/2"}],"replies":[{"embeddable":true,"href":"https:\/\/afogadosonline.com.br\/index.php\/wp-json\/wp\/v2\/comments?post=9088"}],"version-history":[{"count":1,"href":"https:\/\/afogadosonline.com.br\/index.php\/wp-json\/wp\/v2\/posts\/9088\/revisions"}],"predecessor-version":[{"id":9089,"href":"https:\/\/afogadosonline.com.br\/index.php\/wp-json\/wp\/v2\/posts\/9088\/revisions\/9089"}],"wp:attachment":[{"href":"https:\/\/afogadosonline.com.br\/index.php\/wp-json\/wp\/v2\/media?parent=9088"}],"wp:term":[{"taxonomy":"category","embeddable":true,"href":"https:\/\/afogadosonline.com.br\/index.php\/wp-json\/wp\/v2\/categories?post=9088"},{"taxonomy":"post_tag","embeddable":true,"href":"https:\/\/afogadosonline.com.br\/index.php\/wp-json\/wp\/v2\/tags?post=9088"}],"curies":[{"name":"wp","href":"https:\/\/api.w.org\/{rel}","templated":true}]}}