{"id":9086,"date":"2019-10-18T16:19:58","date_gmt":"2019-10-18T19:19:58","guid":{"rendered":"http:\/\/afogadosonline.com.br\/wp\/?p=9086"},"modified":"2019-10-18T16:19:58","modified_gmt":"2019-10-18T19:19:58","slug":"tjpe-mantem-prisao-de-prefeito-afastado-de-camaragibe","status":"publish","type":"post","link":"https:\/\/afogadosonline.com.br\/index.php\/2019\/10\/18\/tjpe-mantem-prisao-de-prefeito-afastado-de-camaragibe\/","title":{"rendered":"TJPE mant\u00e9m pris\u00e3o de prefeito afastado de Camaragibe"},"content":{"rendered":"<p><img fetchpriority=\"high\" decoding=\"async\" class=\"aligncenter\" src=\"https:\/\/i0.wp.com\/nossavitoriape.com\/wp-content\/uploads\/2016\/06\/TJPE-ok.jpg?resize=800%2C445&amp;ssl=1\" alt=\"Resultado de imagem para tjpe\" width=\"494\" height=\"275\" \/><\/p>\n<p style=\"text-align: justify;\"><span style=\"font-family: verdana, geneva, sans-serif;\">Por unanimidade, a Se\u00e7\u00e3o Criminal do Tribunal de Justi\u00e7a de Pernambuco (TJPE) negou o pedido de relaxamento de pris\u00e3o preventiva de Dem\u00f3stenes e Silva Meira, Carlos Augusto Bezerra de Lima, Luciana Maria da Silva e Severino Ramos da Silva. A sess\u00e3o aconteceu nesta quinta-feira (17\/10), no Pal\u00e1cio da Justi\u00e7a, no Recife.<\/span><\/p>\n<p style=\"text-align: justify;\"><span style=\"font-family: verdana, geneva, sans-serif;\">Dem\u00f3stenes Meira, prefeito afastado da cidade de Camaragibe, munic\u00edpio localizado na Regi\u00e3o Metropolitana do Recife, e os demais s\u00e3o investigados pelos crimes de lavagem de dinheiro, desvio de bens e\/ou rendas p\u00fablicas, fraudes a licita\u00e7\u00f5es, peculato e organiza\u00e7\u00e3o criminosa, dentre outros. No TJPE, a defesa deles entrou com agravo, recurso contra decis\u00f5es interlocut\u00f3rias que determinaram as medidas cautelares e a decreta\u00e7\u00e3o da pris\u00e3o preventiva dos investigados.<\/span><\/p>\n<p style=\"text-align: justify;\"><span style=\"font-family: verdana, geneva, sans-serif;\">Relator do voto seguido pelos nove magistrados presentes, o desembargador Mauro Alencar justificou o n\u00e3o provimento do agravo interno, mantendo as pris\u00f5es, com base, dentre outros pontos, pelo correto procedimento e pela legalidade do inqu\u00e9rito; e pela inocorr\u00eancia de coa\u00e7\u00e3o ilegal por suposta dupla investiga\u00e7\u00e3o. O magistrado tamb\u00e9m considerou a legalidade das medidas cautelares proferidas: sequestro de bens, suspens\u00e3o de atividade empresariais e quebra de sigilo banc\u00e1rio e fiscal.<\/span><\/p>\n<p style=\"text-align: justify;\"><span style=\"font-family: verdana, geneva, sans-serif;\">A Procuradoria Geral de Justi\u00e7a ofereceu den\u00fancia contra os investigados e, atualmente, o processo se encontra no aguardo da apresenta\u00e7\u00e3o das defesas preliminares. Em inst\u00e2ncia superior, em Bras\u00edlia (DF), tamb\u00e9m tramitam pedidos de \u201chabeas corpus\u201d.<\/span><\/p>\n","protected":false},"excerpt":{"rendered":"<p>Por unanimidade, a Se&ccedil;&atilde;o Criminal do Tribunal de Justi&ccedil;a de Pernambuco (TJPE) negou o pedido de relaxamento de pris&atilde;o preventiva de Dem&oacute;stenes e Silva Meira, Carlos Augusto Bezerra de Lima, Luciana Maria da Silva e Severino Ramos da Silva. A sess&atilde;o aconteceu nesta quinta-feira (17\/10), no Pal&aacute;cio da Justi&ccedil;a, no Recife. Dem&oacute;stenes Meira, prefeito afastado &#8230; <a title=\"TJPE mant\u00e9m pris\u00e3o de prefeito afastado de Camaragibe\" class=\"read-more\" href=\"https:\/\/afogadosonline.com.br\/index.php\/2019\/10\/18\/tjpe-mantem-prisao-de-prefeito-afastado-de-camaragibe\/\" aria-label=\"Read more about TJPE mant\u00e9m pris\u00e3o de prefeito afastado de Camaragibe\">Ler mais<\/a><\/p>\n","protected":false},"author":2,"featured_media":0,"comment_status":"open","ping_status":"open","sticky":false,"template":"","format":"standard","meta":{"footnotes":""},"categories":[2],"tags":[],"class_list":["post-9086","post","type-post","status-publish","format-standard","hentry","category-uncategorised"],"_links":{"self":[{"href":"https:\/\/afogadosonline.com.br\/index.php\/wp-json\/wp\/v2\/posts\/9086"}],"collection":[{"href":"https:\/\/afogadosonline.com.br\/index.php\/wp-json\/wp\/v2\/posts"}],"about":[{"href":"https:\/\/afogadosonline.com.br\/index.php\/wp-json\/wp\/v2\/types\/post"}],"author":[{"embeddable":true,"href":"https:\/\/afogadosonline.com.br\/index.php\/wp-json\/wp\/v2\/users\/2"}],"replies":[{"embeddable":true,"href":"https:\/\/afogadosonline.com.br\/index.php\/wp-json\/wp\/v2\/comments?post=9086"}],"version-history":[{"count":1,"href":"https:\/\/afogadosonline.com.br\/index.php\/wp-json\/wp\/v2\/posts\/9086\/revisions"}],"predecessor-version":[{"id":9087,"href":"https:\/\/afogadosonline.com.br\/index.php\/wp-json\/wp\/v2\/posts\/9086\/revisions\/9087"}],"wp:attachment":[{"href":"https:\/\/afogadosonline.com.br\/index.php\/wp-json\/wp\/v2\/media?parent=9086"}],"wp:term":[{"taxonomy":"category","embeddable":true,"href":"https:\/\/afogadosonline.com.br\/index.php\/wp-json\/wp\/v2\/categories?post=9086"},{"taxonomy":"post_tag","embeddable":true,"href":"https:\/\/afogadosonline.com.br\/index.php\/wp-json\/wp\/v2\/tags?post=9086"}],"curies":[{"name":"wp","href":"https:\/\/api.w.org\/{rel}","templated":true}]}}