{"id":9082,"date":"2019-10-18T15:55:56","date_gmt":"2019-10-18T18:55:56","guid":{"rendered":"http:\/\/afogadosonline.com.br\/wp\/?p=9082"},"modified":"2019-10-18T15:55:56","modified_gmt":"2019-10-18T18:55:56","slug":"paulo-camara-reage-a-insultos-de-bolsonaro-sobre-13o-do-bolsa-familia","status":"publish","type":"post","link":"https:\/\/afogadosonline.com.br\/index.php\/2019\/10\/18\/paulo-camara-reage-a-insultos-de-bolsonaro-sobre-13o-do-bolsa-familia\/","title":{"rendered":"Paulo C\u00e2mara reage a insultos de Bolsonaro sobre 13\u00ba do Bolsa Fam\u00edlia"},"content":{"rendered":"<p><img fetchpriority=\"high\" decoding=\"async\" class=\"aligncenter\" src=\"https:\/\/i0.wp.com\/www.blogdoneylima.com.br\/wp-content\/uploads\/2017\/12\/Paulo-Camara.jpg?resize=755%2C469\" alt=\"Resultado de imagem para coletiva de paulo camara pe\" width=\"494\" height=\"307\" \/><\/p>\n<p style=\"text-align: justify;\"><span style=\"font-family: verdana, geneva, sans-serif;\">Na manh\u00e3 desta sexta-feira (18), o governador Paulo C\u00e2mara (PSB) rebateu um v\u00eddeo publicado no Facebook do presidente Jair Bolsonaro (PSL) que acusava o pernambucano de &#8220;espertalh\u00e3o\u201d sobre o pagamento do 13\u00ba do Bolsa Fam\u00edlia.<\/span><\/p>\n<p style=\"text-align: justify;\"><span style=\"font-family: verdana, geneva, sans-serif;\">O v\u00eddeo mostra um homem na frente de um outdoor, em Toritama, Agreste do estado, com a propaganda do 13\u00b0 sal\u00e1rio do Bolsa Fam\u00edlia, que tamb\u00e9m ser\u00e1 pago pelo governo de Pernambuco. Na grava\u00e7\u00e3o, o homem acusa Paulo C\u00e2mara de &#8220;oportunista&#8221; e de &#8220;espalhar fake news&#8221;. &#8220;Cad\u00ea o s\u00edmbolo do governo federal? Tu quer se aproveitar, mas n\u00e3o somos bestas, n\u00e3o. Quem deu foi o governo federal, n\u00e3o o estadual\u201d, afirma, se referindo ao governador. <\/span><\/p>\n<p style=\"text-align: justify;\"><span style=\"font-family: verdana, geneva, sans-serif;\">Paulo C\u00e2mara, que considerou a postagem desrespeitosa por parte de Bolsonaro, afirmou que \u201co presidente tenta, lamentavelmente, descredenciar, valendo-se de acusa\u00e7\u00f5es falsas\u201d o programa 13\u00b0 do Bolsa Fam\u00edlia, cuja iniciativa foi estadual. <\/span><\/p>\n<p style=\"text-align: justify;\"><span style=\"font-family: verdana, geneva, sans-serif;\">\u201cEu acho v\u00e1lido que ele, um cr\u00edtico ferrenho do Bolsa Fam\u00edlia, tenha resolvido, depois de n\u00f3s, tamb\u00e9m pagar mais uma parcela aos benefici\u00e1rios. Mas ele precisa fazer um esfor\u00e7o para respeitar as pessoas e a verdade dos fatos\u201d, escreveu o governador atrav\u00e9s de suas redes sociais. \u201cEm resumo: existem os programas estadual e federal, sendo o nosso anterior ao do presidente. Um detalhe que parece incomod\u00e1-lo, quando o mais importante deve ser assegurar o benef\u00edcio a milhares de pessoas, que j\u00e1 aguardam ansiosas pelo pagamento\u201d, acrescenta. <\/span><\/p>\n<p style=\"text-align: justify;\"><span style=\"font-family: verdana, geneva, sans-serif;\">O governador tamb\u00e9m menciona, em refer\u00eancia ao presidente, que a campanha eleitoral j\u00e1 terminou e n\u00e3o faz sentido \u201cdedicar energia apenas para fabricar intrigas\u201d. Ele lembra que o Nordeste est\u00e1 enfrentando \u201cuma grave crise ambiental\u201d, e que \u201cseria muito mais \u00fatil ao pa\u00eds um posicionamento do presidente sobre este tema\u201d.<\/span><\/p>\n","protected":false},"excerpt":{"rendered":"<p>Na manh&atilde; desta sexta-feira (18), o governador Paulo C&acirc;mara (PSB) rebateu um v&iacute;deo publicado no Facebook do presidente Jair Bolsonaro (PSL) que acusava o pernambucano de &ldquo;espertalh&atilde;o&rdquo; sobre o pagamento do 13&ordm; do Bolsa Fam&iacute;lia. O v&iacute;deo mostra um homem na frente de um outdoor, em Toritama, Agreste do estado, com a propaganda do 13&deg; &#8230; <a title=\"Paulo C\u00e2mara reage a insultos de Bolsonaro sobre 13\u00ba do Bolsa Fam\u00edlia\" class=\"read-more\" href=\"https:\/\/afogadosonline.com.br\/index.php\/2019\/10\/18\/paulo-camara-reage-a-insultos-de-bolsonaro-sobre-13o-do-bolsa-familia\/\" aria-label=\"Read more about Paulo C\u00e2mara reage a insultos de Bolsonaro sobre 13\u00ba do Bolsa Fam\u00edlia\">Ler mais<\/a><\/p>\n","protected":false},"author":2,"featured_media":0,"comment_status":"open","ping_status":"open","sticky":false,"template":"","format":"standard","meta":{"footnotes":""},"categories":[1],"tags":[],"class_list":["post-9082","post","type-post","status-publish","format-standard","hentry","category-sem-categoria"],"_links":{"self":[{"href":"https:\/\/afogadosonline.com.br\/index.php\/wp-json\/wp\/v2\/posts\/9082"}],"collection":[{"href":"https:\/\/afogadosonline.com.br\/index.php\/wp-json\/wp\/v2\/posts"}],"about":[{"href":"https:\/\/afogadosonline.com.br\/index.php\/wp-json\/wp\/v2\/types\/post"}],"author":[{"embeddable":true,"href":"https:\/\/afogadosonline.com.br\/index.php\/wp-json\/wp\/v2\/users\/2"}],"replies":[{"embeddable":true,"href":"https:\/\/afogadosonline.com.br\/index.php\/wp-json\/wp\/v2\/comments?post=9082"}],"version-history":[{"count":1,"href":"https:\/\/afogadosonline.com.br\/index.php\/wp-json\/wp\/v2\/posts\/9082\/revisions"}],"predecessor-version":[{"id":9083,"href":"https:\/\/afogadosonline.com.br\/index.php\/wp-json\/wp\/v2\/posts\/9082\/revisions\/9083"}],"wp:attachment":[{"href":"https:\/\/afogadosonline.com.br\/index.php\/wp-json\/wp\/v2\/media?parent=9082"}],"wp:term":[{"taxonomy":"category","embeddable":true,"href":"https:\/\/afogadosonline.com.br\/index.php\/wp-json\/wp\/v2\/categories?post=9082"},{"taxonomy":"post_tag","embeddable":true,"href":"https:\/\/afogadosonline.com.br\/index.php\/wp-json\/wp\/v2\/tags?post=9082"}],"curies":[{"name":"wp","href":"https:\/\/api.w.org\/{rel}","templated":true}]}}