{"id":8713,"date":"2019-09-11T07:29:27","date_gmt":"2019-09-11T10:29:27","guid":{"rendered":"http:\/\/afogadosonline.com.br\/wp\/?p=8713"},"modified":"2019-09-10T21:31:46","modified_gmt":"2019-09-11T00:31:46","slug":"novo-preco-do-gas-de-cozinha-ja-esta-em-vigor","status":"publish","type":"post","link":"https:\/\/afogadosonline.com.br\/index.php\/2019\/09\/11\/novo-preco-do-gas-de-cozinha-ja-esta-em-vigor\/","title":{"rendered":"Novo pre\u00e7o do g\u00e1s de cozinha j\u00e1 est\u00e1 em vigor"},"content":{"rendered":"<p><img fetchpriority=\"high\" decoding=\"async\" class=\"aligncenter\" src=\"https:\/\/img.r7.com\/images\/gas-glp-botijao-03122018153857120?dimensions=460x305\" alt=\"Resultado de imagem para botij\u00c3\u00a3o de g\u00c3\u00a1s\" width=\"489\" height=\"324\" \/><\/p>\n<p style=\"text-align: justify;\"><span style=\"font-family: verdana, geneva, sans-serif;\">O botij\u00e3o de g\u00e1s 13 quilos, que estava sendo vendido por uma m\u00e9dia de R$ 65, subiu mais de 3% e agora chega ao valor R$ 70. A mudan\u00e7a no pre\u00e7o come\u00e7ou na segunda-feira (09) e \u00e9 v\u00e1lido para todo o Brasil. O Sindicato das Revendedoras de G\u00e1s em Pernambuco acredita que a altera\u00e7\u00e3o no valor dificulta as vendas.<\/span><\/p>\n<p style=\"text-align: justify;\"><span style=\"font-family: verdana, geneva, sans-serif;\">&#8221;Para as revendas, \u00e9 muito ruim. A gente est\u00e1 com dificuldade de repassar os aumentos, a demanda sempre cai. Fica dif\u00edcil. O consumidor se retrai. Todo aumento \u00e9 ruim para a popula\u00e7\u00e3o&#8221;, afirma A\u00edlton Campos, presidente do Sindicato das Revendedoras de G\u00e1s.<\/span><\/p>\n","protected":false},"excerpt":{"rendered":"<p>O botij&atilde;o de g&aacute;s 13 quilos, que estava sendo vendido por uma m&eacute;dia de R$ 65, subiu mais de 3% e agora chega ao valor R$ 70. A mudan&ccedil;a no pre&ccedil;o come&ccedil;ou na segunda-feira (09) e &eacute; v&aacute;lido para todo o Brasil. O Sindicato das Revendedoras de G&aacute;s em Pernambuco acredita que a altera&ccedil;&atilde;o no &#8230; <a title=\"Novo pre\u00e7o do g\u00e1s de cozinha j\u00e1 est\u00e1 em vigor\" class=\"read-more\" href=\"https:\/\/afogadosonline.com.br\/index.php\/2019\/09\/11\/novo-preco-do-gas-de-cozinha-ja-esta-em-vigor\/\" aria-label=\"Read more about Novo pre\u00e7o do g\u00e1s de cozinha j\u00e1 est\u00e1 em vigor\">Ler mais<\/a><\/p>\n","protected":false},"author":2,"featured_media":0,"comment_status":"open","ping_status":"open","sticky":false,"template":"","format":"standard","meta":{"footnotes":""},"categories":[2],"tags":[],"class_list":["post-8713","post","type-post","status-publish","format-standard","hentry","category-uncategorised"],"_links":{"self":[{"href":"https:\/\/afogadosonline.com.br\/index.php\/wp-json\/wp\/v2\/posts\/8713"}],"collection":[{"href":"https:\/\/afogadosonline.com.br\/index.php\/wp-json\/wp\/v2\/posts"}],"about":[{"href":"https:\/\/afogadosonline.com.br\/index.php\/wp-json\/wp\/v2\/types\/post"}],"author":[{"embeddable":true,"href":"https:\/\/afogadosonline.com.br\/index.php\/wp-json\/wp\/v2\/users\/2"}],"replies":[{"embeddable":true,"href":"https:\/\/afogadosonline.com.br\/index.php\/wp-json\/wp\/v2\/comments?post=8713"}],"version-history":[{"count":1,"href":"https:\/\/afogadosonline.com.br\/index.php\/wp-json\/wp\/v2\/posts\/8713\/revisions"}],"predecessor-version":[{"id":8714,"href":"https:\/\/afogadosonline.com.br\/index.php\/wp-json\/wp\/v2\/posts\/8713\/revisions\/8714"}],"wp:attachment":[{"href":"https:\/\/afogadosonline.com.br\/index.php\/wp-json\/wp\/v2\/media?parent=8713"}],"wp:term":[{"taxonomy":"category","embeddable":true,"href":"https:\/\/afogadosonline.com.br\/index.php\/wp-json\/wp\/v2\/categories?post=8713"},{"taxonomy":"post_tag","embeddable":true,"href":"https:\/\/afogadosonline.com.br\/index.php\/wp-json\/wp\/v2\/tags?post=8713"}],"curies":[{"name":"wp","href":"https:\/\/api.w.org\/{rel}","templated":true}]}}