{"id":8709,"date":"2019-09-10T21:06:10","date_gmt":"2019-09-11T00:06:10","guid":{"rendered":"http:\/\/afogadosonline.com.br\/wp\/?p=8709"},"modified":"2019-09-10T21:06:10","modified_gmt":"2019-09-11T00:06:10","slug":"policiais-civis-protestam-nas-ruas-do-recife","status":"publish","type":"post","link":"https:\/\/afogadosonline.com.br\/index.php\/2019\/09\/10\/policiais-civis-protestam-nas-ruas-do-recife\/","title":{"rendered":"Policiais civis protestam nas ruas do Recife"},"content":{"rendered":"<p><img fetchpriority=\"high\" decoding=\"async\" class=\"aligncenter\" src=\"https:\/\/www.diariodepernambuco.com.br\/static\/app\/noticia_127983242361\/2019\/09\/10\/802836\/20190910192958193265u.jpeg\" alt=\"Foto: Diogo Cavalcante\/Esp. DP\" width=\"495\" height=\"319\" \/><\/p>\n<p style=\"text-align: justify;\"><span style=\"font-family: verdana, geneva, sans-serif;\">O Sindicato dos Policiais Civis de Pernambuco (Sinpol) realizam, desde o in\u00edcio da noite desta ter\u00e7a-feira (10), uma passeata em protesto contra o Governo de Pernambuco, que teria se recusado a conversar com a classe sobre a campanha salarial de 2019. A entidade quer que o estado reajuste o sal\u00e1rio de forma proporcional \u00e0 quantidade de horas trabalhadas.<\/span><\/p>\n<p style=\"text-align: justify;\"><span style=\"font-family: verdana, geneva, sans-serif;\">Desde 2010, quando foi implantado o Programa de Jornada Extra de Seguran\u00e7a (PJES), os policiais civis chegaram a ter um aumento de carga hor\u00e1ria de at\u00e9 duas horas. Mas, de acordo com o Sinpol, n\u00e3o houve aumento proporcional nos sal\u00e1rios.<\/span><\/p>\n<p style=\"text-align: justify;\"><span style=\"font-family: verdana, geneva, sans-serif;\">A manifesta\u00e7\u00e3o teve in\u00edcio na Avenida Conde da Boa Vista, chegou a parar em frente \u00e0 sede da Pol\u00edcia Civil, que fica no cruzamento das ruas do Hosp\u00edcio com a Princesa Isabel, e, seguiram para o Pal\u00e1cio do Governo.<\/span><\/p>\n","protected":false},"excerpt":{"rendered":"<p>O Sindicato dos Policiais Civis de Pernambuco (Sinpol) realizam, desde o in&iacute;cio da noite desta ter&ccedil;a-feira (10), uma passeata em protesto contra o Governo de Pernambuco, que teria se recusado a conversar com a classe sobre a campanha salarial de 2019. A entidade quer que o estado reajuste o sal&aacute;rio de forma proporcional &agrave; quantidade &#8230; <a title=\"Policiais civis protestam nas ruas do Recife\" class=\"read-more\" href=\"https:\/\/afogadosonline.com.br\/index.php\/2019\/09\/10\/policiais-civis-protestam-nas-ruas-do-recife\/\" aria-label=\"Read more about Policiais civis protestam nas ruas do Recife\">Ler mais<\/a><\/p>\n","protected":false},"author":2,"featured_media":0,"comment_status":"open","ping_status":"open","sticky":false,"template":"","format":"standard","meta":{"footnotes":""},"categories":[2],"tags":[],"class_list":["post-8709","post","type-post","status-publish","format-standard","hentry","category-uncategorised"],"_links":{"self":[{"href":"https:\/\/afogadosonline.com.br\/index.php\/wp-json\/wp\/v2\/posts\/8709"}],"collection":[{"href":"https:\/\/afogadosonline.com.br\/index.php\/wp-json\/wp\/v2\/posts"}],"about":[{"href":"https:\/\/afogadosonline.com.br\/index.php\/wp-json\/wp\/v2\/types\/post"}],"author":[{"embeddable":true,"href":"https:\/\/afogadosonline.com.br\/index.php\/wp-json\/wp\/v2\/users\/2"}],"replies":[{"embeddable":true,"href":"https:\/\/afogadosonline.com.br\/index.php\/wp-json\/wp\/v2\/comments?post=8709"}],"version-history":[{"count":1,"href":"https:\/\/afogadosonline.com.br\/index.php\/wp-json\/wp\/v2\/posts\/8709\/revisions"}],"predecessor-version":[{"id":8710,"href":"https:\/\/afogadosonline.com.br\/index.php\/wp-json\/wp\/v2\/posts\/8709\/revisions\/8710"}],"wp:attachment":[{"href":"https:\/\/afogadosonline.com.br\/index.php\/wp-json\/wp\/v2\/media?parent=8709"}],"wp:term":[{"taxonomy":"category","embeddable":true,"href":"https:\/\/afogadosonline.com.br\/index.php\/wp-json\/wp\/v2\/categories?post=8709"},{"taxonomy":"post_tag","embeddable":true,"href":"https:\/\/afogadosonline.com.br\/index.php\/wp-json\/wp\/v2\/tags?post=8709"}],"curies":[{"name":"wp","href":"https:\/\/api.w.org\/{rel}","templated":true}]}}