{"id":8705,"date":"2019-09-10T18:35:26","date_gmt":"2019-09-10T21:35:26","guid":{"rendered":"http:\/\/afogadosonline.com.br\/wp\/?p=8705"},"modified":"2019-09-10T18:35:26","modified_gmt":"2019-09-10T21:35:26","slug":"ministerio-publico-de-pernambuco-pede-que-prefeituras-intensifiquem-campanhas-contra-sarampo","status":"publish","type":"post","link":"https:\/\/afogadosonline.com.br\/index.php\/2019\/09\/10\/ministerio-publico-de-pernambuco-pede-que-prefeituras-intensifiquem-campanhas-contra-sarampo\/","title":{"rendered":"Minist\u00e9rio P\u00fablico de Pernambuco pede que prefeituras intensifiquem campanhas contra sarampo"},"content":{"rendered":"<p><img fetchpriority=\"high\" decoding=\"async\" class=\"aligncenter\" src=\"http:\/\/mppe.mp.br\/mppe\/images\/sarampo1.jpg\" width=\"495\" height=\"325\" \/><\/p>\n<p style=\"text-align: justify;\"><span style=\"font-family: verdana, geneva, sans-serif;\">Promotores de Justi\u00e7a do Minist\u00e9rio P\u00fablico de Pernambuco (MPPE) est\u00e3o expedindo recomenda\u00e7\u00f5es \u00e0s prefeituras pernambucanas para que intensifiquem campanhas de vacina\u00e7\u00e3o contra o sarampo. A medida acontece pela situa\u00e7\u00e3o epidemiol\u00f3gica da doen\u00e7a no estado. At\u00e9 dia 6 de setembro, tinham sido confirmados 14 casos e uma morte. Cinco prefeituras foram notificadas esta semana: Jo\u00e3o Alfredo, Lagoa de Itaenga, Salgadinho, Ch\u00e3 Grande e S\u00e3o Jos\u00e9 da Coroa Grande.<\/span><\/p>\n<p style=\"text-align: justify;\"><span style=\"font-family: verdana, geneva, sans-serif;\">Em \u00e2mbito nacional, a Secretaria de Vigil\u00e2ncia em Sa\u00fade, do Minist\u00e9rio da Sa\u00fade, detectou 20.292 casos suspeitos de sarampo, entre 9 de junho e 31 de agosto. Destes, 2.753 foram confirmados (13,6%), 15.430 est\u00e3o em investiga\u00e7\u00e3o (76%) e 2.109 foram descartados (10,4%).<\/span><\/p>\n","protected":false},"excerpt":{"rendered":"<p>Promotores de Justi&ccedil;a do Minist&eacute;rio P&uacute;blico de Pernambuco (MPPE) est&atilde;o expedindo recomenda&ccedil;&otilde;es &agrave;s prefeituras pernambucanas para que intensifiquem campanhas de vacina&ccedil;&atilde;o contra o sarampo. A medida acontece pela situa&ccedil;&atilde;o epidemiol&oacute;gica da doen&ccedil;a no estado. At&eacute; dia 6 de setembro, tinham sido confirmados 14 casos e uma morte. Cinco prefeituras foram notificadas esta semana: Jo&atilde;o Alfredo, &#8230; <a title=\"Minist\u00e9rio P\u00fablico de Pernambuco pede que prefeituras intensifiquem campanhas contra sarampo\" class=\"read-more\" href=\"https:\/\/afogadosonline.com.br\/index.php\/2019\/09\/10\/ministerio-publico-de-pernambuco-pede-que-prefeituras-intensifiquem-campanhas-contra-sarampo\/\" aria-label=\"Read more about Minist\u00e9rio P\u00fablico de Pernambuco pede que prefeituras intensifiquem campanhas contra sarampo\">Ler mais<\/a><\/p>\n","protected":false},"author":2,"featured_media":0,"comment_status":"open","ping_status":"open","sticky":false,"template":"","format":"standard","meta":{"footnotes":""},"categories":[2],"tags":[],"class_list":["post-8705","post","type-post","status-publish","format-standard","hentry","category-uncategorised"],"_links":{"self":[{"href":"https:\/\/afogadosonline.com.br\/index.php\/wp-json\/wp\/v2\/posts\/8705"}],"collection":[{"href":"https:\/\/afogadosonline.com.br\/index.php\/wp-json\/wp\/v2\/posts"}],"about":[{"href":"https:\/\/afogadosonline.com.br\/index.php\/wp-json\/wp\/v2\/types\/post"}],"author":[{"embeddable":true,"href":"https:\/\/afogadosonline.com.br\/index.php\/wp-json\/wp\/v2\/users\/2"}],"replies":[{"embeddable":true,"href":"https:\/\/afogadosonline.com.br\/index.php\/wp-json\/wp\/v2\/comments?post=8705"}],"version-history":[{"count":1,"href":"https:\/\/afogadosonline.com.br\/index.php\/wp-json\/wp\/v2\/posts\/8705\/revisions"}],"predecessor-version":[{"id":8706,"href":"https:\/\/afogadosonline.com.br\/index.php\/wp-json\/wp\/v2\/posts\/8705\/revisions\/8706"}],"wp:attachment":[{"href":"https:\/\/afogadosonline.com.br\/index.php\/wp-json\/wp\/v2\/media?parent=8705"}],"wp:term":[{"taxonomy":"category","embeddable":true,"href":"https:\/\/afogadosonline.com.br\/index.php\/wp-json\/wp\/v2\/categories?post=8705"},{"taxonomy":"post_tag","embeddable":true,"href":"https:\/\/afogadosonline.com.br\/index.php\/wp-json\/wp\/v2\/tags?post=8705"}],"curies":[{"name":"wp","href":"https:\/\/api.w.org\/{rel}","templated":true}]}}