{"id":8697,"date":"2019-09-10T18:11:14","date_gmt":"2019-09-10T21:11:14","guid":{"rendered":"http:\/\/afogadosonline.com.br\/wp\/?p=8697"},"modified":"2019-09-10T18:11:14","modified_gmt":"2019-09-10T21:11:14","slug":"dallagnol-falta-a-audiencia-na-camara-dos-deputados-e-e-chamado-de-fujao","status":"publish","type":"post","link":"https:\/\/afogadosonline.com.br\/index.php\/2019\/09\/10\/dallagnol-falta-a-audiencia-na-camara-dos-deputados-e-e-chamado-de-fujao\/","title":{"rendered":"Dallagnol falta \u00e0 audi\u00eancia na C\u00e2mara dos Deputados e \u00e9 chamado de &#8216;fuj\u00e3o&#8217;"},"content":{"rendered":"<p><img fetchpriority=\"high\" decoding=\"async\" class=\"aligncenter\" src=\"https:\/\/conteudo.imguol.com.br\/c\/noticias\/42\/2019\/08\/15\/o-procurador-da-republica-deltan-dallagnol-coordenador-da-forca-tarefa-da-operacao-lava-jato-em-curitiba-1565901894313_v2_900x506.jpg\" alt=\"Resultado de imagem para dallagnol\" width=\"494\" height=\"278\" \/><\/p>\n<p style=\"text-align: justify;\"><span style=\"font-family: verdana, geneva, sans-serif;\">O procurador federal Deltan Dallagnol n\u00e3o compareceu a uma audi\u00eancia p\u00fablica na C\u00e2mara dos Deputados hoje que debateu o vazamento de mensagens privadas envolvendo autoridades da Opera\u00e7\u00e3o Lava Jato. No lugar reservado a ele na comiss\u00e3o, foi colocada uma placa com os dizeres &#8220;Dallagnol Fuj\u00e3o&#8221;.<\/span><\/p>\n<p style=\"text-align: justify;\"><span style=\"font-family: verdana, geneva, sans-serif;\">Autor do requerimento que pedia a presen\u00e7a do chefe da for\u00e7a-tarefa da Lava Jato na audi\u00eancia, o deputado federal Rog\u00e9rio Correia (PT-MG) disse que a falta de Dellagnol foi um &#8220;desaforo&#8221; com os brasileiros. &#8220;A aus\u00eancia \u00e9 um ato de desaforo dele ao Congresso Nacional e ao povo brasileiro. J\u00e1 n\u00e3o \u00e9 a primeira vez que ele \u00e9 chamado para vir aqui&#8221;, afirmou.<\/span><\/p>\n","protected":false},"excerpt":{"rendered":"<p>O procurador federal Deltan Dallagnol n&atilde;o compareceu a uma audi&ecirc;ncia p&uacute;blica na C&acirc;mara dos Deputados hoje que debateu o vazamento de mensagens privadas envolvendo autoridades da Opera&ccedil;&atilde;o Lava Jato. No lugar reservado a ele na comiss&atilde;o, foi colocada uma placa com os dizeres &ldquo;Dallagnol Fuj&atilde;o&rdquo;. Autor do requerimento que pedia a presen&ccedil;a do chefe da &#8230; <a title=\"Dallagnol falta \u00e0 audi\u00eancia na C\u00e2mara dos Deputados e \u00e9 chamado de &#8216;fuj\u00e3o&#8217;\" class=\"read-more\" href=\"https:\/\/afogadosonline.com.br\/index.php\/2019\/09\/10\/dallagnol-falta-a-audiencia-na-camara-dos-deputados-e-e-chamado-de-fujao\/\" aria-label=\"Read more about Dallagnol falta \u00e0 audi\u00eancia na C\u00e2mara dos Deputados e \u00e9 chamado de &#8216;fuj\u00e3o&#8217;\">Ler mais<\/a><\/p>\n","protected":false},"author":2,"featured_media":0,"comment_status":"open","ping_status":"open","sticky":false,"template":"","format":"standard","meta":{"footnotes":""},"categories":[2],"tags":[],"class_list":["post-8697","post","type-post","status-publish","format-standard","hentry","category-uncategorised"],"_links":{"self":[{"href":"https:\/\/afogadosonline.com.br\/index.php\/wp-json\/wp\/v2\/posts\/8697"}],"collection":[{"href":"https:\/\/afogadosonline.com.br\/index.php\/wp-json\/wp\/v2\/posts"}],"about":[{"href":"https:\/\/afogadosonline.com.br\/index.php\/wp-json\/wp\/v2\/types\/post"}],"author":[{"embeddable":true,"href":"https:\/\/afogadosonline.com.br\/index.php\/wp-json\/wp\/v2\/users\/2"}],"replies":[{"embeddable":true,"href":"https:\/\/afogadosonline.com.br\/index.php\/wp-json\/wp\/v2\/comments?post=8697"}],"version-history":[{"count":1,"href":"https:\/\/afogadosonline.com.br\/index.php\/wp-json\/wp\/v2\/posts\/8697\/revisions"}],"predecessor-version":[{"id":8698,"href":"https:\/\/afogadosonline.com.br\/index.php\/wp-json\/wp\/v2\/posts\/8697\/revisions\/8698"}],"wp:attachment":[{"href":"https:\/\/afogadosonline.com.br\/index.php\/wp-json\/wp\/v2\/media?parent=8697"}],"wp:term":[{"taxonomy":"category","embeddable":true,"href":"https:\/\/afogadosonline.com.br\/index.php\/wp-json\/wp\/v2\/categories?post=8697"},{"taxonomy":"post_tag","embeddable":true,"href":"https:\/\/afogadosonline.com.br\/index.php\/wp-json\/wp\/v2\/tags?post=8697"}],"curies":[{"name":"wp","href":"https:\/\/api.w.org\/{rel}","templated":true}]}}