{"id":8690,"date":"2019-09-10T07:35:20","date_gmt":"2019-09-10T10:35:20","guid":{"rendered":"http:\/\/afogadosonline.com.br\/wp\/?p=8690"},"modified":"2019-09-09T22:37:31","modified_gmt":"2019-09-10T01:37:31","slug":"tce-suspende-venda-milionaria-de-terreno-da-prefeitura-de-petrolina","status":"publish","type":"post","link":"https:\/\/afogadosonline.com.br\/index.php\/2019\/09\/10\/tce-suspende-venda-milionaria-de-terreno-da-prefeitura-de-petrolina\/","title":{"rendered":"TCE suspende venda milion\u00e1ria de terreno da Prefeitura de Petrolina"},"content":{"rendered":"<p><img fetchpriority=\"high\" decoding=\"async\" class=\"aligncenter\" src=\"https:\/\/www.tce.pe.gov.br\/internet\/images\/tce_fachada.png\" alt=\"Resultado de imagem para tce pe\" width=\"495\" height=\"329\" \/><\/p>\n<p style=\"text-align: justify;\"><span style=\"font-family: verdana, geneva, sans-serif;\">O conselheiro Carlos Neves, do Tribunal de Contas do Estado (TCE), ordenou a suspens\u00e3o da venda, por licita\u00e7\u00e3o, de um im\u00f3vel de mais de mais de 5 mil metros quadrados, por 8 milh\u00f5es de reais, da Prefeitura de Petrolina.<\/span><\/p>\n<p style=\"text-align: justify;\"><span style=\"font-family: verdana, geneva, sans-serif;\">O im\u00f3vel, localizado na Avenida da Integra\u00e7\u00e3o Ayrton Sena (bairro Dom Malan), estava para ser leiloado nesta segunda-feira (9), em uma concorr\u00eancia nacional autorizada pelo prefeito Miguel Coelho (sem partido).<\/span><\/p>\n<p style=\"text-align: justify;\"><span style=\"font-family: verdana, geneva, sans-serif;\">O conselheiro Carlos Neves, rec\u00e9m ingresso no TCE e oriundo da OAB, ordenou a suspens\u00e3o da venda, alegando que \u201co laudo apresentado n\u00e3o atende as normas t\u00e9cnicas espec\u00edficas, n\u00e3o est\u00e1 assinado por profissional com atribui\u00e7\u00e3o t\u00e9cnica para tal, al\u00e9m de n\u00e3o atender a legisla\u00e7\u00e3o que define a sua obrigatoriedade e o profissional habilitado para sua elabora\u00e7\u00e3o\u201d.<\/span><\/p>\n<p style=\"text-align: justify;\"><span style=\"font-family: verdana, geneva, sans-serif;\">Outra suposta irregularidade, apontada por Carlos Neves, seria que \u201ca avalia\u00e7\u00e3o realizada em desacordo com os crit\u00e9rios t\u00e9cnicos necess\u00e1rios e com a legisla\u00e7\u00e3o vigente sujeita o munic\u00edpio de Petrolina ao risco de dano ao er\u00e1rio\u201d.<\/span><\/p>\n<p style=\"text-align: justify;\"><span style=\"font-family: verdana, geneva, sans-serif;\">A decis\u00e3o foi assinada na sexta-feira (6).<\/span><\/p>\n<p style=\"text-align: justify;\"><span style=\"font-family: verdana, geneva, sans-serif;\">O conselheiro do TCE concedeu a Miguel Coelho o prazo de 5 (cinco) dias para prestar esclarecimentos.<\/span><\/p>\n","protected":false},"excerpt":{"rendered":"<p>O conselheiro Carlos Neves, do Tribunal de Contas do Estado (TCE), ordenou a suspens&atilde;o da venda, por licita&ccedil;&atilde;o, de um im&oacute;vel de mais de mais de 5 mil metros quadrados, por 8 milh&otilde;es de reais, da Prefeitura de Petrolina. O im&oacute;vel, localizado na Avenida da Integra&ccedil;&atilde;o Ayrton Sena (bairro Dom Malan), estava para ser leiloado &#8230; <a title=\"TCE suspende venda milion\u00e1ria de terreno da Prefeitura de Petrolina\" class=\"read-more\" href=\"https:\/\/afogadosonline.com.br\/index.php\/2019\/09\/10\/tce-suspende-venda-milionaria-de-terreno-da-prefeitura-de-petrolina\/\" aria-label=\"Read more about TCE suspende venda milion\u00e1ria de terreno da Prefeitura de Petrolina\">Ler mais<\/a><\/p>\n","protected":false},"author":2,"featured_media":0,"comment_status":"open","ping_status":"open","sticky":false,"template":"","format":"standard","meta":{"footnotes":""},"categories":[2],"tags":[],"class_list":["post-8690","post","type-post","status-publish","format-standard","hentry","category-uncategorised"],"_links":{"self":[{"href":"https:\/\/afogadosonline.com.br\/index.php\/wp-json\/wp\/v2\/posts\/8690"}],"collection":[{"href":"https:\/\/afogadosonline.com.br\/index.php\/wp-json\/wp\/v2\/posts"}],"about":[{"href":"https:\/\/afogadosonline.com.br\/index.php\/wp-json\/wp\/v2\/types\/post"}],"author":[{"embeddable":true,"href":"https:\/\/afogadosonline.com.br\/index.php\/wp-json\/wp\/v2\/users\/2"}],"replies":[{"embeddable":true,"href":"https:\/\/afogadosonline.com.br\/index.php\/wp-json\/wp\/v2\/comments?post=8690"}],"version-history":[{"count":1,"href":"https:\/\/afogadosonline.com.br\/index.php\/wp-json\/wp\/v2\/posts\/8690\/revisions"}],"predecessor-version":[{"id":8691,"href":"https:\/\/afogadosonline.com.br\/index.php\/wp-json\/wp\/v2\/posts\/8690\/revisions\/8691"}],"wp:attachment":[{"href":"https:\/\/afogadosonline.com.br\/index.php\/wp-json\/wp\/v2\/media?parent=8690"}],"wp:term":[{"taxonomy":"category","embeddable":true,"href":"https:\/\/afogadosonline.com.br\/index.php\/wp-json\/wp\/v2\/categories?post=8690"},{"taxonomy":"post_tag","embeddable":true,"href":"https:\/\/afogadosonline.com.br\/index.php\/wp-json\/wp\/v2\/tags?post=8690"}],"curies":[{"name":"wp","href":"https:\/\/api.w.org\/{rel}","templated":true}]}}