{"id":8686,"date":"2019-09-09T22:21:28","date_gmt":"2019-09-10T01:21:28","guid":{"rendered":"http:\/\/afogadosonline.com.br\/wp\/?p=8686"},"modified":"2019-09-09T22:21:28","modified_gmt":"2019-09-10T01:21:28","slug":"deputado-antonio-fernando-comenta-dificuldades-enfrentadas-por-profissionais-do-transporte-alternativo","status":"publish","type":"post","link":"https:\/\/afogadosonline.com.br\/index.php\/2019\/09\/09\/deputado-antonio-fernando-comenta-dificuldades-enfrentadas-por-profissionais-do-transporte-alternativo\/","title":{"rendered":"Deputado Antonio Fernando comenta dificuldades enfrentadas por profissionais do transporte alternativo"},"content":{"rendered":"<p><img fetchpriority=\"high\" decoding=\"async\" class=\"aligncenter\" src=\"https:\/\/i1.wp.com\/www.edmarlyra.com\/wp-content\/uploads\/2019\/05\/AD57E7F0-F6AD-4FB8-BA4A-396A5B577916.jpeg?fit=1280%2C853&amp;ssl=1\" alt=\"Resultado de imagem para deputado antonio fernando alepe\" width=\"495\" height=\"330\" \/><\/p>\n<p style=\"text-align: justify;\"><span style=\"font-family: verdana, geneva, sans-serif;\">Em discurso na Reuni\u00e3o Plen\u00e1ria desta segunda (9), o deputado Antonio Fernando (PSC) repercutiu as manifesta\u00e7\u00f5es que est\u00e3o sendo promovidas por trabalhadores do transporte alternativo de passageiros no Estado. O parlamentar apoia a pauta dos manifestantes, contr\u00e1rios \u00e0 recente lei federal que aumentou as penalidades para os profissionais sem autoriza\u00e7\u00e3o do Poder P\u00fablico para exercer a atividade.<\/span><\/p>\n<p style=\"text-align: justify;\"><span style=\"font-family: verdana, geneva, sans-serif;\">O parlamentar, que j\u00e1 levou o tema \u00e0 tribuna em outras oportunidades, informou que ir\u00e1 a Bras\u00edlia discutir a quest\u00e3o junto \u00e0 Ag\u00eancia Nacional de Transportes Terrestres (ANTT). Em paralelo, Antonio Fernando defende uma regulamenta\u00e7\u00e3o estadual da atividade, mat\u00e9ria tratada pelo Projeto de Lei n\u00b0 477\/2019, apresentado pelo deputado.<\/span><\/p>\n<p style=\"text-align: justify;\"><span style=\"font-family: verdana, geneva, sans-serif;\">\u201cA lei federal, na pr\u00e1tica, est\u00e1 proibindo o direito de ir e vir daqueles que moram no Interior do Estado e n\u00e3o t\u00eam carro pr\u00f3prio. Por isso, \u00e9 necess\u00e1rio que a gente busque uma alternativa para o transporte alternativo de passageiros\u201d, concluiu, solicitando a contribui\u00e7\u00e3o dos demais parlamentares para o projeto de regulamenta\u00e7\u00e3o.<\/span><\/p>\n","protected":false},"excerpt":{"rendered":"<p>Em discurso na Reuni&atilde;o Plen&aacute;ria desta segunda (9), o deputado Antonio Fernando (PSC) repercutiu as manifesta&ccedil;&otilde;es que est&atilde;o sendo promovidas por trabalhadores do transporte alternativo de passageiros no Estado. O parlamentar apoia a pauta dos manifestantes, contr&aacute;rios &agrave; recente lei federal que aumentou as penalidades para os profissionais sem autoriza&ccedil;&atilde;o do Poder P&uacute;blico para exercer &#8230; <a title=\"Deputado Antonio Fernando comenta dificuldades enfrentadas por profissionais do transporte alternativo\" class=\"read-more\" href=\"https:\/\/afogadosonline.com.br\/index.php\/2019\/09\/09\/deputado-antonio-fernando-comenta-dificuldades-enfrentadas-por-profissionais-do-transporte-alternativo\/\" aria-label=\"Read more about Deputado Antonio Fernando comenta dificuldades enfrentadas por profissionais do transporte alternativo\">Ler mais<\/a><\/p>\n","protected":false},"author":2,"featured_media":0,"comment_status":"open","ping_status":"open","sticky":false,"template":"","format":"standard","meta":{"footnotes":""},"categories":[2],"tags":[],"class_list":["post-8686","post","type-post","status-publish","format-standard","hentry","category-uncategorised"],"_links":{"self":[{"href":"https:\/\/afogadosonline.com.br\/index.php\/wp-json\/wp\/v2\/posts\/8686"}],"collection":[{"href":"https:\/\/afogadosonline.com.br\/index.php\/wp-json\/wp\/v2\/posts"}],"about":[{"href":"https:\/\/afogadosonline.com.br\/index.php\/wp-json\/wp\/v2\/types\/post"}],"author":[{"embeddable":true,"href":"https:\/\/afogadosonline.com.br\/index.php\/wp-json\/wp\/v2\/users\/2"}],"replies":[{"embeddable":true,"href":"https:\/\/afogadosonline.com.br\/index.php\/wp-json\/wp\/v2\/comments?post=8686"}],"version-history":[{"count":1,"href":"https:\/\/afogadosonline.com.br\/index.php\/wp-json\/wp\/v2\/posts\/8686\/revisions"}],"predecessor-version":[{"id":8687,"href":"https:\/\/afogadosonline.com.br\/index.php\/wp-json\/wp\/v2\/posts\/8686\/revisions\/8687"}],"wp:attachment":[{"href":"https:\/\/afogadosonline.com.br\/index.php\/wp-json\/wp\/v2\/media?parent=8686"}],"wp:term":[{"taxonomy":"category","embeddable":true,"href":"https:\/\/afogadosonline.com.br\/index.php\/wp-json\/wp\/v2\/categories?post=8686"},{"taxonomy":"post_tag","embeddable":true,"href":"https:\/\/afogadosonline.com.br\/index.php\/wp-json\/wp\/v2\/tags?post=8686"}],"curies":[{"name":"wp","href":"https:\/\/api.w.org\/{rel}","templated":true}]}}