{"id":8684,"date":"2019-09-10T05:15:31","date_gmt":"2019-09-10T08:15:31","guid":{"rendered":"http:\/\/afogadosonline.com.br\/wp\/?p=8684"},"modified":"2019-09-09T22:17:38","modified_gmt":"2019-09-10T01:17:38","slug":"carnaiba-orgaos-publicos-devem-investigar-surto-de-doenca-transmitida-pela-agua","status":"publish","type":"post","link":"https:\/\/afogadosonline.com.br\/index.php\/2019\/09\/10\/carnaiba-orgaos-publicos-devem-investigar-surto-de-doenca-transmitida-pela-agua\/","title":{"rendered":"Carna\u00edba: \u00f3rg\u00e3os p\u00fablicos devem investigar surto de doen\u00e7a transmitida pela \u00e1gua"},"content":{"rendered":"<p><img fetchpriority=\"high\" decoding=\"async\" class=\"aligncenter\" src=\"http:\/\/mppe.mp.br\/mppe\/images\/agua2.jpg\" width=\"495\" height=\"325\" \/><\/p>\n<p style=\"text-align: justify;\"><span style=\"font-family: verdana, geneva, sans-serif;\">Diante da notifica\u00e7\u00e3o de tr\u00eas casos de doen\u00e7as transmitidas pela \u00e1gua na cidade de Carna\u00edba, o Minist\u00e9rio P\u00fablico de Pernambuco (MPPE) recomendou \u00e0 Secretarias Municipal de Sa\u00fade, \u00e0 Ger\u00eancia Estadual de Sa\u00fade e \u00e0 Ag\u00eancia Pernambucana de Vigil\u00e2ncia Sanit\u00e1ria (Apevisa) que tomem as medidas necess\u00e1rias para cumprir o procedimento de investiga\u00e7\u00e3o de surtos previsto na legisla\u00e7\u00e3o. Os \u00f3rg\u00e3os t\u00eam um prazo de dez dias para responder ao MPPE se acatam ou n\u00e3o as medidas recomendadas, devendo, no caso de acatarem a recomenda\u00e7\u00e3o, apresentar comprova\u00e7\u00e3o do que foi realizado.<\/span><\/p>\n<p style=\"text-align: justify;\"><span style=\"font-family: verdana, geneva, sans-serif;\">As a\u00e7\u00f5es emergenciais est\u00e3o descritas na Nota T\u00e9cnica n\u00ba05\/2019 da Diretoria Geral de Monitoramento e Vigil\u00e2ncia de Doen\u00e7as e Agravos n\u00e3o Transmiss\u00edveis, Sa\u00fade Ambiental e do Trabalhador (DGVSAT), que elenca uma s\u00e9rie de iniciativas. Primeiramente, o poder p\u00fablico municipal deve notificar o evento na plataforma do Centro de Informa\u00e7\u00f5es Estrat\u00e9gicas de Vigil\u00e2ncia em Sa\u00fade. Em seguida, \u00e9 preciso realizar uma investiga\u00e7\u00e3o de campo, identificando a magnitude do surto, as formas de abastecimento da popula\u00e7\u00e3o de Carna\u00edba, a exist\u00eancia ou n\u00e3o de tratamento de \u00e1gua e as condi\u00e7\u00f5es de higiene do reservat\u00f3rio.<\/span><\/p>\n<p style=\"text-align: justify;\"><span style=\"font-family: verdana, geneva, sans-serif;\">A promotora de Justi\u00e7a Adriana Wludarski tamb\u00e9m recomendou que o poder p\u00fablico promova a interdi\u00e7\u00e3o imediata do ponto da rede de abastecimento de \u00e1gua que ocasionou o surto, a fim de afastar o risco de contamina\u00e7\u00e3o e a ocorr\u00eancia de novos casos de doen\u00e7as de veicula\u00e7\u00e3o h\u00eddrica. Al\u00e9m disso, o munic\u00edpio deve realizar coleta de amostras de \u00e1gua em pontos antes e depois da reserva\u00e7\u00e3o, al\u00e9m de testar a \u00e1gua de equipamentos p\u00fablicos como hospitais, creches, escolas e postos de sa\u00fade, a fim de identificar a responsabilidade pela contamina\u00e7\u00e3o. As amostras devem ser encaminhadas ao Laborat\u00f3rio Central do Estado para an\u00e1lise microbiol\u00f3gica, de v\u00edrus e protozo\u00e1rios. Caso sejam identificadas cepas da bact\u00e9ria E. coli, o material deve ser enviado a laborat\u00f3rios de refer\u00eancia nacional para identifica\u00e7\u00e3o sorol\u00f3gica.<\/span><\/p>\n<p style=\"text-align: justify;\"><span style=\"font-family: verdana, geneva, sans-serif;\">Al\u00e9m disso, o munic\u00edpio e a Ger\u00eancia Regional de Sa\u00fade devem entrar em entendimento com o respons\u00e1vel pelo sistema de abastecimento (seja a \u00e1gua proveniente da Compesa ou de po\u00e7o, chafariz ou carro pipa) a fim de prestar informa\u00e7\u00f5es sobre o surto e cobrar a amplia\u00e7\u00e3o e frequ\u00eancia das amostras coletadas da \u00e1gua.<\/span><\/p>\n<p style=\"text-align: justify;\"><span style=\"font-family: verdana, geneva, sans-serif;\">Por fim, o MPPE recomendou \u00e0 Apevisa realizar o monitoramento sistem\u00e1tico da qualidade da \u00e1gua em locais com grande circula\u00e7\u00e3o de p\u00fablico. Esse levantamento deve ser sistematizado em relat\u00f3rios mensais, que precisam ser encaminhados \u00e0 Promotoria de Justi\u00e7a local por no m\u00ednimo 12 meses.<\/span><\/p>\n","protected":false},"excerpt":{"rendered":"<p>Diante da notifica&ccedil;&atilde;o de tr&ecirc;s casos de doen&ccedil;as transmitidas pela &aacute;gua na cidade de Carna&iacute;ba, o Minist&eacute;rio P&uacute;blico de Pernambuco (MPPE) recomendou &agrave; Secretarias Municipal de Sa&uacute;de, &agrave; Ger&ecirc;ncia Estadual de Sa&uacute;de e &agrave; Ag&ecirc;ncia Pernambucana de Vigil&acirc;ncia Sanit&aacute;ria (Apevisa) que tomem as medidas necess&aacute;rias para cumprir o procedimento de investiga&ccedil;&atilde;o de surtos previsto na &#8230; <a title=\"Carna\u00edba: \u00f3rg\u00e3os p\u00fablicos devem investigar surto de doen\u00e7a transmitida pela \u00e1gua\" class=\"read-more\" href=\"https:\/\/afogadosonline.com.br\/index.php\/2019\/09\/10\/carnaiba-orgaos-publicos-devem-investigar-surto-de-doenca-transmitida-pela-agua\/\" aria-label=\"Read more about Carna\u00edba: \u00f3rg\u00e3os p\u00fablicos devem investigar surto de doen\u00e7a transmitida pela \u00e1gua\">Ler mais<\/a><\/p>\n","protected":false},"author":2,"featured_media":0,"comment_status":"open","ping_status":"open","sticky":false,"template":"","format":"standard","meta":{"footnotes":""},"categories":[2],"tags":[],"class_list":["post-8684","post","type-post","status-publish","format-standard","hentry","category-uncategorised"],"_links":{"self":[{"href":"https:\/\/afogadosonline.com.br\/index.php\/wp-json\/wp\/v2\/posts\/8684"}],"collection":[{"href":"https:\/\/afogadosonline.com.br\/index.php\/wp-json\/wp\/v2\/posts"}],"about":[{"href":"https:\/\/afogadosonline.com.br\/index.php\/wp-json\/wp\/v2\/types\/post"}],"author":[{"embeddable":true,"href":"https:\/\/afogadosonline.com.br\/index.php\/wp-json\/wp\/v2\/users\/2"}],"replies":[{"embeddable":true,"href":"https:\/\/afogadosonline.com.br\/index.php\/wp-json\/wp\/v2\/comments?post=8684"}],"version-history":[{"count":1,"href":"https:\/\/afogadosonline.com.br\/index.php\/wp-json\/wp\/v2\/posts\/8684\/revisions"}],"predecessor-version":[{"id":8685,"href":"https:\/\/afogadosonline.com.br\/index.php\/wp-json\/wp\/v2\/posts\/8684\/revisions\/8685"}],"wp:attachment":[{"href":"https:\/\/afogadosonline.com.br\/index.php\/wp-json\/wp\/v2\/media?parent=8684"}],"wp:term":[{"taxonomy":"category","embeddable":true,"href":"https:\/\/afogadosonline.com.br\/index.php\/wp-json\/wp\/v2\/categories?post=8684"},{"taxonomy":"post_tag","embeddable":true,"href":"https:\/\/afogadosonline.com.br\/index.php\/wp-json\/wp\/v2\/tags?post=8684"}],"curies":[{"name":"wp","href":"https:\/\/api.w.org\/{rel}","templated":true}]}}