{"id":8682,"date":"2019-09-09T22:04:35","date_gmt":"2019-09-10T01:04:35","guid":{"rendered":"http:\/\/afogadosonline.com.br\/wp\/?p=8682"},"modified":"2019-09-09T22:04:35","modified_gmt":"2019-09-10T01:04:35","slug":"sobe-para-14-o-numero-de-casos-confirmados-de-sarampo-em-pernambuco","status":"publish","type":"post","link":"https:\/\/afogadosonline.com.br\/index.php\/2019\/09\/09\/sobe-para-14-o-numero-de-casos-confirmados-de-sarampo-em-pernambuco\/","title":{"rendered":"Sobe para 14 o n\u00famero de casos confirmados de sarampo em Pernambuco"},"content":{"rendered":"<p><img fetchpriority=\"high\" decoding=\"async\" class=\"aligncenter\" src=\"https:\/\/img.estadao.com.br\/resources\/jpg\/9\/8\/1541461376189.jpg\" alt=\"Resultado de imagem para vacina sarampo\" width=\"495\" height=\"332\" \/><\/p>\n<p style=\"text-align: justify;\"><span style=\"font-family: verdana, geneva, sans-serif;\">Boletim divulgado pela Secretaria Estadual de Sa\u00fade (SES-PE) nesta segunda-feira (9) mostra que subiu para 14 o n\u00famero de casos confirmados de sarampo em Pernambuco. As an\u00e1lises laboratoriais s\u00e3o realizadas pelo Laborat\u00f3rio Central de Sa\u00fade P\u00fablica de Pernambuco (Lacen-PE) e a Fiocruz-RJ.<\/span><\/p>\n<p style=\"text-align: justify;\"><span style=\"font-family: verdana, geneva, sans-serif;\">Ao todo j\u00e1 s\u00e3o 457 casos suspeitos da doen\u00e7a. Do total, 86 j\u00e1 foram descartados, 357 est\u00e3o em investiga\u00e7\u00e3o e 14 foram confirmados. O levantamento inclui todas as ocorr\u00eancias levadas ao Estado at\u00e9 a \u00faltima sexta-feira (6). Dos casos confirmados, 3 s\u00e3o moradores do Recife, 3 de Caruaru, 1 de Frei Miguelinho, 1 de Santa Cruz do Capibaribe, 1 de Vertentes e 5 de Taquaritinga do Norte, incluindo uma morte, a de um beb\u00ea de 7 meses.<\/span><\/p>\n","protected":false},"excerpt":{"rendered":"<p>Boletim divulgado pela Secretaria Estadual de Sa&uacute;de (SES-PE) nesta segunda-feira (9) mostra que subiu para 14 o n&uacute;mero de casos confirmados de sarampo em Pernambuco. As an&aacute;lises laboratoriais s&atilde;o realizadas pelo Laborat&oacute;rio Central de Sa&uacute;de P&uacute;blica de Pernambuco (Lacen-PE) e a Fiocruz-RJ. Ao todo j&aacute; s&atilde;o 457 casos suspeitos da doen&ccedil;a. Do total, 86 j&aacute; &#8230; <a title=\"Sobe para 14 o n\u00famero de casos confirmados de sarampo em Pernambuco\" class=\"read-more\" href=\"https:\/\/afogadosonline.com.br\/index.php\/2019\/09\/09\/sobe-para-14-o-numero-de-casos-confirmados-de-sarampo-em-pernambuco\/\" aria-label=\"Read more about Sobe para 14 o n\u00famero de casos confirmados de sarampo em Pernambuco\">Ler mais<\/a><\/p>\n","protected":false},"author":2,"featured_media":0,"comment_status":"open","ping_status":"open","sticky":false,"template":"","format":"standard","meta":{"footnotes":""},"categories":[2],"tags":[],"class_list":["post-8682","post","type-post","status-publish","format-standard","hentry","category-uncategorised"],"_links":{"self":[{"href":"https:\/\/afogadosonline.com.br\/index.php\/wp-json\/wp\/v2\/posts\/8682"}],"collection":[{"href":"https:\/\/afogadosonline.com.br\/index.php\/wp-json\/wp\/v2\/posts"}],"about":[{"href":"https:\/\/afogadosonline.com.br\/index.php\/wp-json\/wp\/v2\/types\/post"}],"author":[{"embeddable":true,"href":"https:\/\/afogadosonline.com.br\/index.php\/wp-json\/wp\/v2\/users\/2"}],"replies":[{"embeddable":true,"href":"https:\/\/afogadosonline.com.br\/index.php\/wp-json\/wp\/v2\/comments?post=8682"}],"version-history":[{"count":1,"href":"https:\/\/afogadosonline.com.br\/index.php\/wp-json\/wp\/v2\/posts\/8682\/revisions"}],"predecessor-version":[{"id":8683,"href":"https:\/\/afogadosonline.com.br\/index.php\/wp-json\/wp\/v2\/posts\/8682\/revisions\/8683"}],"wp:attachment":[{"href":"https:\/\/afogadosonline.com.br\/index.php\/wp-json\/wp\/v2\/media?parent=8682"}],"wp:term":[{"taxonomy":"category","embeddable":true,"href":"https:\/\/afogadosonline.com.br\/index.php\/wp-json\/wp\/v2\/categories?post=8682"},{"taxonomy":"post_tag","embeddable":true,"href":"https:\/\/afogadosonline.com.br\/index.php\/wp-json\/wp\/v2\/tags?post=8682"}],"curies":[{"name":"wp","href":"https:\/\/api.w.org\/{rel}","templated":true}]}}