{"id":8678,"date":"2019-09-08T07:49:40","date_gmt":"2019-09-08T10:49:40","guid":{"rendered":"http:\/\/afogadosonline.com.br\/wp\/?p=8678"},"modified":"2019-09-07T21:52:29","modified_gmt":"2019-09-08T00:52:29","slug":"direito-a-comunicacao-sera-tema-de-debate-na-comissao-de-cidadania-da-assembleia-legislativa-nesta-segunda-9","status":"publish","type":"post","link":"https:\/\/afogadosonline.com.br\/index.php\/2019\/09\/08\/direito-a-comunicacao-sera-tema-de-debate-na-comissao-de-cidadania-da-assembleia-legislativa-nesta-segunda-9\/","title":{"rendered":"Direito \u00e0 comunica\u00e7\u00e3o ser\u00e1 tema de debate na Comiss\u00e3o de Cidadania da Assembleia Legislativa nesta segunda (9)"},"content":{"rendered":"<p><img fetchpriority=\"high\" decoding=\"async\" class=\"aligncenter\" src=\"http:\/\/www.alepe.pe.gov.br\/wp-content\/uploads\/2019\/09\/06.18-CIDADANIA-EM-109-e1567779754744.jpg\" width=\"495\" height=\"330\" \/><\/p>\n<p style=\"text-align: justify;\"><span style=\"font-family: verdana, geneva, sans-serif;\">O direito \u00e0 comunica\u00e7\u00e3o na perspectiva das TVs p\u00fablicas em Pernambuco ser\u00e1 tema de audi\u00eancia p\u00fablica que a Comiss\u00e3o de Cidadania e Direitos Humanos ir\u00e1 promover nesta segunda-feira (9), no Audit\u00f3rio \u00canio Guerra, \u00e0s 9h. O debate foi sugerido pelo mandato coletivo das Juntas (PSOL), que preside o colegiado.<\/span><\/p>\n<p style=\"text-align: justify;\"><span style=\"font-family: verdana, geneva, sans-serif;\">Foram convidados para o evento representantes da Secretaria de Planejamento e Gest\u00e3o (Seplag), Secretaria de Ci\u00eancia e Tecnologia, Casa Civil, Associa\u00e7\u00e3o Brasileira de Documentaristas (ABD), Associa\u00e7\u00e3o Brasileira de Cinema (ABC), F\u00f3rum Pernambucano de Comunica\u00e7\u00e3o (Fopecom) e do Coletivo de Mulheres do Audiovisual de Pernambuco (Mape).<\/span><\/p>\n<p style=\"text-align: justify;\"><span style=\"font-family: verdana, geneva, sans-serif;\">Entre as reivindica\u00e7\u00f5es dos movimentos sociais, est\u00e1 a defesa em torno da garantia de crit\u00e9rios t\u00e9cnicos para a ocupa\u00e7\u00e3o da presid\u00eancia da TVPE, assegurando que o perfil de gest\u00e3o esteja comprometido com a comunica\u00e7\u00e3o p\u00fablica. H\u00e1, ainda, reivindica\u00e7\u00f5es de sele\u00e7\u00e3o simplificada, prevista no PPA, de apresenta\u00e7\u00e3o do plano estrat\u00e9gico, manuten\u00e7\u00e3o da pol\u00edtica de editais, e demais temas.<\/span><\/p>\n<p style=\"text-align: justify;\"><span style=\"font-family: verdana, geneva, sans-serif;\">\u201cA previs\u00e3o \u00e9 que, at\u00e9 o final do m\u00eas, ocorra a mudan\u00e7a na presid\u00eancia da TVPE e se faz necess\u00e1rio garantir o comprometido com o direito p\u00fablico, com a coisa p\u00fablica, com o jornalismo, com a comunica\u00e7\u00e3o enquanto bem social. A TV p\u00fablica, como direito da sociedade, \u00e9 uma demanda hist\u00f3rica dos movimentos sociais que militam pelo direito \u00e0 comunica\u00e7\u00e3o\u201d, concluiu a codeputada Carol Vergolino, que integra o mandato coletivo Juntas.<\/span><\/p>\n","protected":false},"excerpt":{"rendered":"<p>O direito &agrave; comunica&ccedil;&atilde;o na perspectiva das TVs p&uacute;blicas em Pernambuco ser&aacute; tema de audi&ecirc;ncia p&uacute;blica que a Comiss&atilde;o de Cidadania e Direitos Humanos ir&aacute; promover nesta segunda-feira (9), no Audit&oacute;rio &Ecirc;nio Guerra, &agrave;s 9h. O debate foi sugerido pelo mandato coletivo das Juntas (PSOL), que preside o colegiado. Foram convidados para o evento representantes &#8230; <a title=\"Direito \u00e0 comunica\u00e7\u00e3o ser\u00e1 tema de debate na Comiss\u00e3o de Cidadania da Assembleia Legislativa nesta segunda (9)\" class=\"read-more\" href=\"https:\/\/afogadosonline.com.br\/index.php\/2019\/09\/08\/direito-a-comunicacao-sera-tema-de-debate-na-comissao-de-cidadania-da-assembleia-legislativa-nesta-segunda-9\/\" aria-label=\"Read more about Direito \u00e0 comunica\u00e7\u00e3o ser\u00e1 tema de debate na Comiss\u00e3o de Cidadania da Assembleia Legislativa nesta segunda (9)\">Ler mais<\/a><\/p>\n","protected":false},"author":2,"featured_media":0,"comment_status":"open","ping_status":"open","sticky":false,"template":"","format":"standard","meta":{"footnotes":""},"categories":[2],"tags":[],"class_list":["post-8678","post","type-post","status-publish","format-standard","hentry","category-uncategorised"],"_links":{"self":[{"href":"https:\/\/afogadosonline.com.br\/index.php\/wp-json\/wp\/v2\/posts\/8678"}],"collection":[{"href":"https:\/\/afogadosonline.com.br\/index.php\/wp-json\/wp\/v2\/posts"}],"about":[{"href":"https:\/\/afogadosonline.com.br\/index.php\/wp-json\/wp\/v2\/types\/post"}],"author":[{"embeddable":true,"href":"https:\/\/afogadosonline.com.br\/index.php\/wp-json\/wp\/v2\/users\/2"}],"replies":[{"embeddable":true,"href":"https:\/\/afogadosonline.com.br\/index.php\/wp-json\/wp\/v2\/comments?post=8678"}],"version-history":[{"count":1,"href":"https:\/\/afogadosonline.com.br\/index.php\/wp-json\/wp\/v2\/posts\/8678\/revisions"}],"predecessor-version":[{"id":8679,"href":"https:\/\/afogadosonline.com.br\/index.php\/wp-json\/wp\/v2\/posts\/8678\/revisions\/8679"}],"wp:attachment":[{"href":"https:\/\/afogadosonline.com.br\/index.php\/wp-json\/wp\/v2\/media?parent=8678"}],"wp:term":[{"taxonomy":"category","embeddable":true,"href":"https:\/\/afogadosonline.com.br\/index.php\/wp-json\/wp\/v2\/categories?post=8678"},{"taxonomy":"post_tag","embeddable":true,"href":"https:\/\/afogadosonline.com.br\/index.php\/wp-json\/wp\/v2\/tags?post=8678"}],"curies":[{"name":"wp","href":"https:\/\/api.w.org\/{rel}","templated":true}]}}