{"id":8670,"date":"2019-09-07T20:46:22","date_gmt":"2019-09-07T23:46:22","guid":{"rendered":"http:\/\/afogadosonline.com.br\/wp\/?p=8670"},"modified":"2019-09-07T20:46:22","modified_gmt":"2019-09-07T23:46:22","slug":"relator-quer-liberar-todo-o-fgts-para-quem-ganha-ate-um-salario-minimo","status":"publish","type":"post","link":"https:\/\/afogadosonline.com.br\/index.php\/2019\/09\/07\/relator-quer-liberar-todo-o-fgts-para-quem-ganha-ate-um-salario-minimo\/","title":{"rendered":"Relator quer liberar todo o FGTS para quem ganha at\u00e9 um sal\u00e1rio m\u00ednimo"},"content":{"rendered":"<p><img fetchpriority=\"high\" decoding=\"async\" class=\"aligncenter\" src=\"https:\/\/www.camara.leg.br\/internet\/deputado\/bandep\/pagina_do_deputado\/160674.jpg\" alt=\"Resultado de imagem para deputado hugo motta\" width=\"494\" height=\"370\" \/><\/p>\n<p style=\"text-align: justify;\"><span style=\"font-family: verdana, geneva, sans-serif;\">A proposta para liberar dinheiro do FGTS (Fundo de Garantia do Tempo de Servi\u00e7o) e alterar a forma de saque dos recursos pode sofrer altera\u00e7\u00f5es no Congresso.<\/span><\/p>\n<p style=\"text-align: justify;\"><span style=\"font-family: verdana, geneva, sans-serif;\">O relator da medida, deputado Hugo Motta (Republicanos-PB), estuda usar o projeto para fazer ajustes na gest\u00e3o do fundo, al\u00e9m de propor o fim da multa adicional de 10% em caso de demiss\u00e3o sem justa causa -um pedido do grupo do ministro Paulo Guedes (Economia).<\/span><\/p>\n<p style=\"text-align: justify;\"><span style=\"font-family: verdana, geneva, sans-serif;\">Em rela\u00e7\u00e3o aos saques, cujo limite defendido pelo governo \u00e9 de R$ 500 por conta, o deputado avalia permitir que trabalhadores com renda de at\u00e9 um sal\u00e1rio m\u00ednimo (R$ 998) possam receber todo o valor depositado nas contas do fundo.<\/span><\/p>\n","protected":false},"excerpt":{"rendered":"<p>A proposta para liberar dinheiro do FGTS (Fundo de Garantia do Tempo de Servi&ccedil;o) e alterar a forma de saque dos recursos pode sofrer altera&ccedil;&otilde;es no Congresso. O relator da medida, deputado Hugo Motta (Republicanos-PB), estuda usar o projeto para fazer ajustes na gest&atilde;o do fundo, al&eacute;m de propor o fim da multa adicional de &#8230; <a title=\"Relator quer liberar todo o FGTS para quem ganha at\u00e9 um sal\u00e1rio m\u00ednimo\" class=\"read-more\" href=\"https:\/\/afogadosonline.com.br\/index.php\/2019\/09\/07\/relator-quer-liberar-todo-o-fgts-para-quem-ganha-ate-um-salario-minimo\/\" aria-label=\"Read more about Relator quer liberar todo o FGTS para quem ganha at\u00e9 um sal\u00e1rio m\u00ednimo\">Ler mais<\/a><\/p>\n","protected":false},"author":2,"featured_media":0,"comment_status":"open","ping_status":"open","sticky":false,"template":"","format":"standard","meta":{"footnotes":""},"categories":[2],"tags":[],"class_list":["post-8670","post","type-post","status-publish","format-standard","hentry","category-uncategorised"],"_links":{"self":[{"href":"https:\/\/afogadosonline.com.br\/index.php\/wp-json\/wp\/v2\/posts\/8670"}],"collection":[{"href":"https:\/\/afogadosonline.com.br\/index.php\/wp-json\/wp\/v2\/posts"}],"about":[{"href":"https:\/\/afogadosonline.com.br\/index.php\/wp-json\/wp\/v2\/types\/post"}],"author":[{"embeddable":true,"href":"https:\/\/afogadosonline.com.br\/index.php\/wp-json\/wp\/v2\/users\/2"}],"replies":[{"embeddable":true,"href":"https:\/\/afogadosonline.com.br\/index.php\/wp-json\/wp\/v2\/comments?post=8670"}],"version-history":[{"count":1,"href":"https:\/\/afogadosonline.com.br\/index.php\/wp-json\/wp\/v2\/posts\/8670\/revisions"}],"predecessor-version":[{"id":8671,"href":"https:\/\/afogadosonline.com.br\/index.php\/wp-json\/wp\/v2\/posts\/8670\/revisions\/8671"}],"wp:attachment":[{"href":"https:\/\/afogadosonline.com.br\/index.php\/wp-json\/wp\/v2\/media?parent=8670"}],"wp:term":[{"taxonomy":"category","embeddable":true,"href":"https:\/\/afogadosonline.com.br\/index.php\/wp-json\/wp\/v2\/categories?post=8670"},{"taxonomy":"post_tag","embeddable":true,"href":"https:\/\/afogadosonline.com.br\/index.php\/wp-json\/wp\/v2\/tags?post=8670"}],"curies":[{"name":"wp","href":"https:\/\/api.w.org\/{rel}","templated":true}]}}