{"id":8658,"date":"2019-09-05T19:36:55","date_gmt":"2019-09-05T22:36:55","guid":{"rendered":"http:\/\/afogadosonline.com.br\/wp\/?p=8658"},"modified":"2019-09-05T19:40:24","modified_gmt":"2019-09-05T22:40:24","slug":"pernambucano-sera-relator-interino-da-lava-jato-no-stj","status":"publish","type":"post","link":"https:\/\/afogadosonline.com.br\/index.php\/2019\/09\/05\/pernambucano-sera-relator-interino-da-lava-jato-no-stj\/","title":{"rendered":"Pernambucano ser\u00e1 relator interino da Lava Jato no STJ"},"content":{"rendered":"<p style=\"text-align: justify;\">Com o afastamento de F\u00e9lix Fischer do Superior Tribunal de Justi\u00e7a (STJ) por quest\u00f5es m\u00e9dicas, o presidente da Corte, Jo\u00e3o Ot\u00e1vio de Noronha, deve convocar, at\u00e9 a pr\u00f3xima semana, para tocar o gabinete do colega, o desembargador Leopoldo Raposo, do Tribunal de Justi\u00e7a de Pernambuco. Raposo assumir\u00e1, inclusive, a relatoria de processos da Opera\u00e7\u00e3o Lava Jato.<\/p>\n<div style=\"text-align: justify;\">Integrante da 5\u00aa Turma do STJ, Felix Fischer, de 72 anos, ficou internado por cerca de tr\u00eas semanas, entre julho e agosto, com embolia pulmonar no Hospital Bras\u00edlia, mas j\u00e1 teve alta e est\u00e1 em recupera\u00e7\u00e3o na capital federal, onde reside. Como Fischer, segundo ministro mais antigo do STJ, precisou prorrogar a licen\u00e7a m\u00e9dica, \u00e9 necess\u00e1ria a convoca\u00e7\u00e3o de outro magistrado.<\/div>\n<div><\/div>\n<div style=\"text-align: justify;\">O convite para ida de Raposo ao STJ, de forma interina e por tempo indeterminado,j\u00e1 foi feito, mas o of\u00edcio dever\u00e1 ser oficializado at\u00e9 a pr\u00f3xima semana, j\u00e1 que o presidente da Corte, ministro Jo\u00e3o Ot\u00e1vio de Noronha, est\u00e1 em miss\u00e3o oficial no exterior. \u201cAinda n\u00e3o recebi formalmente essa convoca\u00e7\u00e3o, pois ela \u00e9 dirigida ao presidente do TJPE (Adalberto Melo), mas recebi o convite, realmente. S\u00f3 falta a convoca\u00e7\u00e3o ser formalizada\u201d, disse\u00a0o desembargador Leopoldo Raposo.<\/div>\n","protected":false},"excerpt":{"rendered":"<p>Com o afastamento de F&eacute;lix Fischer do Superior Tribunal de Justi&ccedil;a (STJ) por quest&otilde;es m&eacute;dicas, o presidente da Corte, Jo&atilde;o Ot&aacute;vio de Noronha, deve convocar, at&eacute; a pr&oacute;xima semana, para tocar o gabinete do colega, o desembargador Leopoldo Raposo, do Tribunal de Justi&ccedil;a de Pernambuco. Raposo assumir&aacute;, inclusive, a relatoria de processos da Opera&ccedil;&atilde;o Lava &#8230; <a title=\"Pernambucano ser\u00e1 relator interino da Lava Jato no STJ\" class=\"read-more\" href=\"https:\/\/afogadosonline.com.br\/index.php\/2019\/09\/05\/pernambucano-sera-relator-interino-da-lava-jato-no-stj\/\" aria-label=\"Read more about Pernambucano ser\u00e1 relator interino da Lava Jato no STJ\">Ler mais<\/a><\/p>\n","protected":false},"author":2,"featured_media":0,"comment_status":"open","ping_status":"open","sticky":false,"template":"","format":"standard","meta":{"footnotes":""},"categories":[2,1],"tags":[],"class_list":["post-8658","post","type-post","status-publish","format-standard","hentry","category-uncategorised","category-sem-categoria"],"_links":{"self":[{"href":"https:\/\/afogadosonline.com.br\/index.php\/wp-json\/wp\/v2\/posts\/8658"}],"collection":[{"href":"https:\/\/afogadosonline.com.br\/index.php\/wp-json\/wp\/v2\/posts"}],"about":[{"href":"https:\/\/afogadosonline.com.br\/index.php\/wp-json\/wp\/v2\/types\/post"}],"author":[{"embeddable":true,"href":"https:\/\/afogadosonline.com.br\/index.php\/wp-json\/wp\/v2\/users\/2"}],"replies":[{"embeddable":true,"href":"https:\/\/afogadosonline.com.br\/index.php\/wp-json\/wp\/v2\/comments?post=8658"}],"version-history":[{"count":3,"href":"https:\/\/afogadosonline.com.br\/index.php\/wp-json\/wp\/v2\/posts\/8658\/revisions"}],"predecessor-version":[{"id":8662,"href":"https:\/\/afogadosonline.com.br\/index.php\/wp-json\/wp\/v2\/posts\/8658\/revisions\/8662"}],"wp:attachment":[{"href":"https:\/\/afogadosonline.com.br\/index.php\/wp-json\/wp\/v2\/media?parent=8658"}],"wp:term":[{"taxonomy":"category","embeddable":true,"href":"https:\/\/afogadosonline.com.br\/index.php\/wp-json\/wp\/v2\/categories?post=8658"},{"taxonomy":"post_tag","embeddable":true,"href":"https:\/\/afogadosonline.com.br\/index.php\/wp-json\/wp\/v2\/tags?post=8658"}],"curies":[{"name":"wp","href":"https:\/\/api.w.org\/{rel}","templated":true}]}}