{"id":8648,"date":"2019-09-03T19:15:34","date_gmt":"2019-09-03T22:15:34","guid":{"rendered":"http:\/\/afogadosonline.com.br\/wp\/?p=8648"},"modified":"2019-09-03T19:15:34","modified_gmt":"2019-09-03T22:15:34","slug":"comissao-de-justica-da-assembleia-aprova-reajuste-no-piso-salarial-dos-professores","status":"publish","type":"post","link":"https:\/\/afogadosonline.com.br\/index.php\/2019\/09\/03\/comissao-de-justica-da-assembleia-aprova-reajuste-no-piso-salarial-dos-professores\/","title":{"rendered":"Comiss\u00e3o de Justi\u00e7a da Assembleia aprova reajuste no piso salarial dos professores"},"content":{"rendered":"<p><img fetchpriority=\"high\" decoding=\"async\" class=\"aligncenter\" src=\"http:\/\/www.alepe.pe.gov.br\/wp-content\/uploads\/2019\/09\/09.03-JUSTICA-EM-96-1-e1567537482423.jpg\" width=\"495\" height=\"330\" \/><\/p>\n<p style=\"text-align: justify;\"><span style=\"font-family: verdana, geneva, sans-serif;\">A corre\u00e7\u00e3o no valor do piso salarial dos professores da rede p\u00fablica estadual foi aprovada, nesta ter\u00e7a (3), pela Comiss\u00e3o de Justi\u00e7a. Com o reajuste de 4,17% previsto no Projeto de Lei n\u00ba 467\/2019, encaminhado pelo Poder Executivo, o valores passam de R$ 2.455,35 para R$ 2.557,74, por 200 horas-aula mensais, e de R$ 1.841,56 para R$ 1.918,36, por 150 horas. O acr\u00e9scimo \u00e9 retroativo ao dia 1\u00ba de janeiro para os profissionais de n\u00edvel m\u00e9dio que recebiam abaixo do piso. A proposi\u00e7\u00e3o recebeu uma emenda que estendeu a corre\u00e7\u00e3o aos docentes do Col\u00e9gio da Pol\u00edcia Militar de Pernambuco.<\/span><\/p>\n<p style=\"text-align: justify;\"><span style=\"font-family: verdana, geneva, sans-serif;\">Al\u00e9m dos novos valores de vencimento-base, a proposi\u00e7\u00e3o faz outros ajustes na carreira, v\u00e1lidos a partir de outubro, para quem recebe acima do piso. As disposi\u00e7\u00f5es s\u00e3o extensivas \u00e0s aposentadorias e pens\u00f5es. J\u00e1 o aux\u00edlio educacional \u2013 concedido aos servidores ocupantes dos cargos p\u00fablicos efetivos de analista em gest\u00e3o educacional, assistente administrativo educacional e auxiliar de servi\u00e7os administrativos educacionais \u2013 passa de R$ 127 para R$ 175,45 mensais.<\/span><\/p>\n","protected":false},"excerpt":{"rendered":"<p>A corre&ccedil;&atilde;o no valor do piso salarial dos professores da rede p&uacute;blica estadual foi aprovada, nesta ter&ccedil;a (3), pela Comiss&atilde;o de Justi&ccedil;a. Com o reajuste de 4,17% previsto no Projeto de Lei n&ordm; 467\/2019, encaminhado pelo Poder Executivo, o valores passam de R$ 2.455,35 para R$ 2.557,74, por 200 horas-aula mensais, e de R$ 1.841,56 &#8230; <a title=\"Comiss\u00e3o de Justi\u00e7a da Assembleia aprova reajuste no piso salarial dos professores\" class=\"read-more\" href=\"https:\/\/afogadosonline.com.br\/index.php\/2019\/09\/03\/comissao-de-justica-da-assembleia-aprova-reajuste-no-piso-salarial-dos-professores\/\" aria-label=\"Read more about Comiss\u00e3o de Justi\u00e7a da Assembleia aprova reajuste no piso salarial dos professores\">Ler mais<\/a><\/p>\n","protected":false},"author":2,"featured_media":0,"comment_status":"open","ping_status":"open","sticky":false,"template":"","format":"standard","meta":{"footnotes":""},"categories":[2],"tags":[],"class_list":["post-8648","post","type-post","status-publish","format-standard","hentry","category-uncategorised"],"_links":{"self":[{"href":"https:\/\/afogadosonline.com.br\/index.php\/wp-json\/wp\/v2\/posts\/8648"}],"collection":[{"href":"https:\/\/afogadosonline.com.br\/index.php\/wp-json\/wp\/v2\/posts"}],"about":[{"href":"https:\/\/afogadosonline.com.br\/index.php\/wp-json\/wp\/v2\/types\/post"}],"author":[{"embeddable":true,"href":"https:\/\/afogadosonline.com.br\/index.php\/wp-json\/wp\/v2\/users\/2"}],"replies":[{"embeddable":true,"href":"https:\/\/afogadosonline.com.br\/index.php\/wp-json\/wp\/v2\/comments?post=8648"}],"version-history":[{"count":1,"href":"https:\/\/afogadosonline.com.br\/index.php\/wp-json\/wp\/v2\/posts\/8648\/revisions"}],"predecessor-version":[{"id":8649,"href":"https:\/\/afogadosonline.com.br\/index.php\/wp-json\/wp\/v2\/posts\/8648\/revisions\/8649"}],"wp:attachment":[{"href":"https:\/\/afogadosonline.com.br\/index.php\/wp-json\/wp\/v2\/media?parent=8648"}],"wp:term":[{"taxonomy":"category","embeddable":true,"href":"https:\/\/afogadosonline.com.br\/index.php\/wp-json\/wp\/v2\/categories?post=8648"},{"taxonomy":"post_tag","embeddable":true,"href":"https:\/\/afogadosonline.com.br\/index.php\/wp-json\/wp\/v2\/tags?post=8648"}],"curies":[{"name":"wp","href":"https:\/\/api.w.org\/{rel}","templated":true}]}}