{"id":8646,"date":"2019-09-01T15:43:35","date_gmt":"2019-09-01T18:43:35","guid":{"rendered":"http:\/\/afogadosonline.com.br\/wp\/?p=8646"},"modified":"2019-09-01T15:43:35","modified_gmt":"2019-09-01T18:43:35","slug":"papa-francisco-fica-preso-em-elevador-e-e-resgatado-por-bombeiros","status":"publish","type":"post","link":"https:\/\/afogadosonline.com.br\/index.php\/2019\/09\/01\/papa-francisco-fica-preso-em-elevador-e-e-resgatado-por-bombeiros\/","title":{"rendered":"Papa Francisco fica preso em elevador e \u00e9 resgatado por bombeiros"},"content":{"rendered":"<p><img fetchpriority=\"high\" decoding=\"async\" class=\"aligncenter\" src=\"https:\/\/www.acidigital.com\/imagespp\/size680\/PapaFranciscoRezoAngelus_DanielIbanezACI_16092018.jpg\" alt=\"Resultado de imagem para papa francisco no angelus\" width=\"494\" height=\"274\" \/><\/p>\n<p style=\"text-align: justify;\"><span style=\"font-family: verdana, geneva, sans-serif;\">O papa Francisco explicou que se atrasou para a tradicional ora\u00e7\u00e3o dominical do Angelus, neste domingo (1\u00ba), porque ficou preso em um elevador do Vaticano e precisou ser resgatado pelos bombeiros.<\/span><\/p>\n<p style=\"text-align: justify;\"><span style=\"font-family: verdana, geneva, sans-serif;\">&#8220;Tenho que pedir desculpas por chegar tarde. Fiquei preso em um elevador durante 25 minutos por um corte de energia, mas depois os bombeiros chegaram&#8221;, disse o sorridente pont\u00edfice de 82 anos. &#8220;Um aplauso ao servi\u00e7o dos bombeiros&#8221;, pediu, no que foi imediatamente atendido pela multid\u00e3o.<\/span><\/p>\n","protected":false},"excerpt":{"rendered":"<p>O papa Francisco explicou que se atrasou para a tradicional ora&ccedil;&atilde;o dominical do Angelus, neste domingo (1&ordm;), porque ficou preso em um elevador do Vaticano e precisou ser resgatado pelos bombeiros. &ldquo;Tenho que pedir desculpas por chegar tarde. Fiquei preso em um elevador durante 25 minutos por um corte de energia, mas depois os bombeiros &#8230; <a title=\"Papa Francisco fica preso em elevador e \u00e9 resgatado por bombeiros\" class=\"read-more\" href=\"https:\/\/afogadosonline.com.br\/index.php\/2019\/09\/01\/papa-francisco-fica-preso-em-elevador-e-e-resgatado-por-bombeiros\/\" aria-label=\"Read more about Papa Francisco fica preso em elevador e \u00e9 resgatado por bombeiros\">Ler mais<\/a><\/p>\n","protected":false},"author":2,"featured_media":0,"comment_status":"open","ping_status":"open","sticky":false,"template":"","format":"standard","meta":{"footnotes":""},"categories":[2],"tags":[],"class_list":["post-8646","post","type-post","status-publish","format-standard","hentry","category-uncategorised"],"_links":{"self":[{"href":"https:\/\/afogadosonline.com.br\/index.php\/wp-json\/wp\/v2\/posts\/8646"}],"collection":[{"href":"https:\/\/afogadosonline.com.br\/index.php\/wp-json\/wp\/v2\/posts"}],"about":[{"href":"https:\/\/afogadosonline.com.br\/index.php\/wp-json\/wp\/v2\/types\/post"}],"author":[{"embeddable":true,"href":"https:\/\/afogadosonline.com.br\/index.php\/wp-json\/wp\/v2\/users\/2"}],"replies":[{"embeddable":true,"href":"https:\/\/afogadosonline.com.br\/index.php\/wp-json\/wp\/v2\/comments?post=8646"}],"version-history":[{"count":1,"href":"https:\/\/afogadosonline.com.br\/index.php\/wp-json\/wp\/v2\/posts\/8646\/revisions"}],"predecessor-version":[{"id":8647,"href":"https:\/\/afogadosonline.com.br\/index.php\/wp-json\/wp\/v2\/posts\/8646\/revisions\/8647"}],"wp:attachment":[{"href":"https:\/\/afogadosonline.com.br\/index.php\/wp-json\/wp\/v2\/media?parent=8646"}],"wp:term":[{"taxonomy":"category","embeddable":true,"href":"https:\/\/afogadosonline.com.br\/index.php\/wp-json\/wp\/v2\/categories?post=8646"},{"taxonomy":"post_tag","embeddable":true,"href":"https:\/\/afogadosonline.com.br\/index.php\/wp-json\/wp\/v2\/tags?post=8646"}],"curies":[{"name":"wp","href":"https:\/\/api.w.org\/{rel}","templated":true}]}}