{"id":8644,"date":"2019-09-01T15:40:00","date_gmt":"2019-09-01T18:40:00","guid":{"rendered":"http:\/\/afogadosonline.com.br\/wp\/?p=8644"},"modified":"2019-09-01T15:40:00","modified_gmt":"2019-09-01T18:40:00","slug":"caminhoneiros-prometem-paralisar-as-estradas-na-proxima-quarta-feira-4","status":"publish","type":"post","link":"https:\/\/afogadosonline.com.br\/index.php\/2019\/09\/01\/caminhoneiros-prometem-paralisar-as-estradas-na-proxima-quarta-feira-4\/","title":{"rendered":"Caminhoneiros prometem paralisar as estradas na pr\u00f3xima quarta-feira (4)"},"content":{"rendered":"<p><img fetchpriority=\"high\" decoding=\"async\" class=\"aligncenter\" src=\"https:\/\/jornaldebrasilia.com.br\/wp-content\/uploads\/2019\/04\/caminhoneiros-1.jpg\" alt=\"Resultado de imagem para greve dos caminhoneiros\" width=\"495\" height=\"257\" \/><\/p>\n<p style=\"text-align: justify;\"><span style=\"font-family: verdana, geneva, sans-serif;\">A madrugada de ter\u00e7a (3) para quarta-feira (4) da pr\u00f3xima semana promete ser um misto de movimento e paralisa\u00e7\u00e3o nas estradas de todo o Brasil. Isto porque devido \u00e0 suspens\u00e3o do julgamento sobre a constitucionalidade da tabela que prev\u00ea pisos m\u00ednimos para o frete dos caminhoneiros aut\u00f4nomos por parte do presidente do STF (Supremo Tribunal Federal), Dias Toffoli, a categoria optou por bloquear o movimento nas rodovias federais, em todo o pa\u00eds, neste dia. De acordo com a categoria, o protesto n\u00e3o tem nem data nem hora para conclus\u00e3o. <\/span><\/p>\n<p style=\"text-align: justify;\"><span style=\"font-family: verdana, geneva, sans-serif;\">Nos dias anteriores, a partir deste domingo (1), haver\u00e1 panfletagem junto aos caminhoneiros. O STF ainda n\u00e3o tem previs\u00e3o para uma nova data de julgamento.<\/span><\/p>\n","protected":false},"excerpt":{"rendered":"<p>A madrugada de ter&ccedil;a (3) para quarta-feira (4) da pr&oacute;xima semana promete ser um misto de movimento e paralisa&ccedil;&atilde;o nas estradas de todo o Brasil. Isto porque devido &agrave; suspens&atilde;o do julgamento sobre a constitucionalidade da tabela que prev&ecirc; pisos m&iacute;nimos para o frete dos caminhoneiros aut&ocirc;nomos por parte do presidente do STF (Supremo Tribunal &#8230; <a title=\"Caminhoneiros prometem paralisar as estradas na pr\u00f3xima quarta-feira (4)\" class=\"read-more\" href=\"https:\/\/afogadosonline.com.br\/index.php\/2019\/09\/01\/caminhoneiros-prometem-paralisar-as-estradas-na-proxima-quarta-feira-4\/\" aria-label=\"Read more about Caminhoneiros prometem paralisar as estradas na pr\u00f3xima quarta-feira (4)\">Ler mais<\/a><\/p>\n","protected":false},"author":2,"featured_media":0,"comment_status":"open","ping_status":"open","sticky":false,"template":"","format":"standard","meta":{"footnotes":""},"categories":[2],"tags":[],"class_list":["post-8644","post","type-post","status-publish","format-standard","hentry","category-uncategorised"],"_links":{"self":[{"href":"https:\/\/afogadosonline.com.br\/index.php\/wp-json\/wp\/v2\/posts\/8644"}],"collection":[{"href":"https:\/\/afogadosonline.com.br\/index.php\/wp-json\/wp\/v2\/posts"}],"about":[{"href":"https:\/\/afogadosonline.com.br\/index.php\/wp-json\/wp\/v2\/types\/post"}],"author":[{"embeddable":true,"href":"https:\/\/afogadosonline.com.br\/index.php\/wp-json\/wp\/v2\/users\/2"}],"replies":[{"embeddable":true,"href":"https:\/\/afogadosonline.com.br\/index.php\/wp-json\/wp\/v2\/comments?post=8644"}],"version-history":[{"count":1,"href":"https:\/\/afogadosonline.com.br\/index.php\/wp-json\/wp\/v2\/posts\/8644\/revisions"}],"predecessor-version":[{"id":8645,"href":"https:\/\/afogadosonline.com.br\/index.php\/wp-json\/wp\/v2\/posts\/8644\/revisions\/8645"}],"wp:attachment":[{"href":"https:\/\/afogadosonline.com.br\/index.php\/wp-json\/wp\/v2\/media?parent=8644"}],"wp:term":[{"taxonomy":"category","embeddable":true,"href":"https:\/\/afogadosonline.com.br\/index.php\/wp-json\/wp\/v2\/categories?post=8644"},{"taxonomy":"post_tag","embeddable":true,"href":"https:\/\/afogadosonline.com.br\/index.php\/wp-json\/wp\/v2\/tags?post=8644"}],"curies":[{"name":"wp","href":"https:\/\/api.w.org\/{rel}","templated":true}]}}