{"id":8638,"date":"2019-08-30T14:58:52","date_gmt":"2019-08-30T17:58:52","guid":{"rendered":"http:\/\/afogadosonline.com.br\/wp\/?p=8638"},"modified":"2019-08-30T14:58:52","modified_gmt":"2019-08-30T17:58:52","slug":"municipios-vao-receber-recursos-para-equiparem-salas-de-vacinacao","status":"publish","type":"post","link":"https:\/\/afogadosonline.com.br\/index.php\/2019\/08\/30\/municipios-vao-receber-recursos-para-equiparem-salas-de-vacinacao\/","title":{"rendered":"Munic\u00edpios v\u00e3o receber recursos para equiparem salas de vacina\u00e7\u00e3o"},"content":{"rendered":"<p><img fetchpriority=\"high\" decoding=\"async\" class=\"aligncenter\" src=\"https:\/\/files.nsctotal.com.br\/s3fs-public\/styles\/paragraph_image_style\/public\/graphql-upload-files\/triplice_0.jpg?z.xIwwcqEOB5Mi6sOQlRIEdnQZlEsHi9&amp;itok=tidzlLk_\" alt=\"Resultado de imagem para vacina contra sarampo\" width=\"494\" height=\"329\" \/><\/p>\n<p style=\"text-align: justify;\"><span style=\"font-family: verdana, geneva, sans-serif;\">Os munic\u00edpios, com at\u00e9 100 mil habitantes, v\u00e3o receber nos pr\u00f3ximos meses R$ 44,2 milh\u00f5es do Minist\u00e9rio da Sa\u00fade para que possam adquirir c\u00e2maras frias a fim de ampliar a estrutura de armazenamento de vacinas e imunobiol\u00f3gico. A libera\u00e7\u00e3o dos recursos foi acertada durante reuni\u00e3o da Comiss\u00e3o Intergestores Tripartite, realizada esta semana em Bras\u00edlia.<\/span><\/p>\n<p style=\"text-align: justify;\"><span style=\"font-family: verdana, geneva, sans-serif;\">A medida tem por objetivo garantir a qualidade dos imunobiol\u00f3gicos ofertados \u00e0 popula\u00e7\u00e3o e a execu\u00e7\u00e3o da Pol\u00edtica Nacional de Imuniza\u00e7\u00f5es dentro do padr\u00e3o de qualidade e seguran\u00e7a do Sistema \u00danico de Sa\u00fade (SUS).<\/span><\/p>\n","protected":false},"excerpt":{"rendered":"<p>Os munic&iacute;pios, com at&eacute; 100 mil habitantes, v&atilde;o receber nos pr&oacute;ximos meses R$ 44,2 milh&otilde;es do Minist&eacute;rio da Sa&uacute;de para que possam adquirir c&acirc;maras frias a fim de ampliar a estrutura de armazenamento de vacinas e imunobiol&oacute;gico. A libera&ccedil;&atilde;o dos recursos foi acertada durante reuni&atilde;o da Comiss&atilde;o Intergestores Tripartite, realizada esta semana em Bras&iacute;lia. A &#8230; <a title=\"Munic\u00edpios v\u00e3o receber recursos para equiparem salas de vacina\u00e7\u00e3o\" class=\"read-more\" href=\"https:\/\/afogadosonline.com.br\/index.php\/2019\/08\/30\/municipios-vao-receber-recursos-para-equiparem-salas-de-vacinacao\/\" aria-label=\"Read more about Munic\u00edpios v\u00e3o receber recursos para equiparem salas de vacina\u00e7\u00e3o\">Ler mais<\/a><\/p>\n","protected":false},"author":2,"featured_media":0,"comment_status":"open","ping_status":"open","sticky":false,"template":"","format":"standard","meta":{"footnotes":""},"categories":[2],"tags":[],"class_list":["post-8638","post","type-post","status-publish","format-standard","hentry","category-uncategorised"],"_links":{"self":[{"href":"https:\/\/afogadosonline.com.br\/index.php\/wp-json\/wp\/v2\/posts\/8638"}],"collection":[{"href":"https:\/\/afogadosonline.com.br\/index.php\/wp-json\/wp\/v2\/posts"}],"about":[{"href":"https:\/\/afogadosonline.com.br\/index.php\/wp-json\/wp\/v2\/types\/post"}],"author":[{"embeddable":true,"href":"https:\/\/afogadosonline.com.br\/index.php\/wp-json\/wp\/v2\/users\/2"}],"replies":[{"embeddable":true,"href":"https:\/\/afogadosonline.com.br\/index.php\/wp-json\/wp\/v2\/comments?post=8638"}],"version-history":[{"count":1,"href":"https:\/\/afogadosonline.com.br\/index.php\/wp-json\/wp\/v2\/posts\/8638\/revisions"}],"predecessor-version":[{"id":8639,"href":"https:\/\/afogadosonline.com.br\/index.php\/wp-json\/wp\/v2\/posts\/8638\/revisions\/8639"}],"wp:attachment":[{"href":"https:\/\/afogadosonline.com.br\/index.php\/wp-json\/wp\/v2\/media?parent=8638"}],"wp:term":[{"taxonomy":"category","embeddable":true,"href":"https:\/\/afogadosonline.com.br\/index.php\/wp-json\/wp\/v2\/categories?post=8638"},{"taxonomy":"post_tag","embeddable":true,"href":"https:\/\/afogadosonline.com.br\/index.php\/wp-json\/wp\/v2\/tags?post=8638"}],"curies":[{"name":"wp","href":"https:\/\/api.w.org\/{rel}","templated":true}]}}