{"id":8634,"date":"2019-08-30T14:47:23","date_gmt":"2019-08-30T17:47:23","guid":{"rendered":"http:\/\/afogadosonline.com.br\/wp\/?p=8634"},"modified":"2019-08-30T14:47:23","modified_gmt":"2019-08-30T17:47:23","slug":"minha-casa-minha-vida-corre-risco-de-parar-em-2020","status":"publish","type":"post","link":"https:\/\/afogadosonline.com.br\/index.php\/2019\/08\/30\/minha-casa-minha-vida-corre-risco-de-parar-em-2020\/","title":{"rendered":"Minha Casa Minha Vida corre risco de parar em 2020"},"content":{"rendered":"<p><img fetchpriority=\"high\" decoding=\"async\" class=\"aligncenter\" src=\"https:\/\/oimparcial.com.br\/app\/uploads\/2018\/09\/16302_minha_casa_minha_vida_ribeira_130814_foto_a.baeta_229-1024x640.jpg\" alt=\"Resultado de imagem para minha casa minha vida\" width=\"491\" height=\"307\" \/><\/p>\n<p style=\"text-align: justify;\"><span style=\"font-family: verdana, geneva, sans-serif;\">Diante de um cen\u00e1rio dram\u00e1tico de necessidade de corte de despesas em 2020, o governo avalia suspender novas contrata\u00e7\u00f5es do programa Minha Casa Minha Vida e redirecionar recursos do Sistema S para bancar alguns gastos do Or\u00e7amento.<\/span><\/p>\n<p style=\"text-align: justify;\"><span style=\"font-family: verdana, geneva, sans-serif;\">O assunto foi discutido em reuni\u00e3o da Junta de Execu\u00e7\u00e3o Or\u00e7ament\u00e1ria (JEO), que avaliou um conjunto de medidas para reduzir despesas obrigat\u00f3rias (como sal\u00e1rios, aposentadorias e pens\u00f5es) e abrir espa\u00e7o no teto de gastos (dispositivo previsto na Constitui\u00e7\u00e3o que impede o crescimento das despesas acima da infla\u00e7\u00e3o) na proposta de Or\u00e7amento de 2020. Com essa diminui\u00e7\u00e3o das despesas obrigat\u00f3rias, o governo poderia aumentar os chamados gastos discricion\u00e1rios (aqueles que s\u00e3o tradicionalmente contingenciados e que incluem custeio da m\u00e1quina e investimentos).<\/span><\/p>\n","protected":false},"excerpt":{"rendered":"<p>Diante de um cen&aacute;rio dram&aacute;tico de necessidade de corte de despesas em 2020, o governo avalia suspender novas contrata&ccedil;&otilde;es do programa Minha Casa Minha Vida e redirecionar recursos do Sistema S para bancar alguns gastos do Or&ccedil;amento. O assunto foi discutido em reuni&atilde;o da Junta de Execu&ccedil;&atilde;o Or&ccedil;ament&aacute;ria (JEO), que avaliou um conjunto de medidas &#8230; <a title=\"Minha Casa Minha Vida corre risco de parar em 2020\" class=\"read-more\" href=\"https:\/\/afogadosonline.com.br\/index.php\/2019\/08\/30\/minha-casa-minha-vida-corre-risco-de-parar-em-2020\/\" aria-label=\"Read more about Minha Casa Minha Vida corre risco de parar em 2020\">Ler mais<\/a><\/p>\n","protected":false},"author":2,"featured_media":0,"comment_status":"open","ping_status":"open","sticky":false,"template":"","format":"standard","meta":{"footnotes":""},"categories":[2],"tags":[],"class_list":["post-8634","post","type-post","status-publish","format-standard","hentry","category-uncategorised"],"_links":{"self":[{"href":"https:\/\/afogadosonline.com.br\/index.php\/wp-json\/wp\/v2\/posts\/8634"}],"collection":[{"href":"https:\/\/afogadosonline.com.br\/index.php\/wp-json\/wp\/v2\/posts"}],"about":[{"href":"https:\/\/afogadosonline.com.br\/index.php\/wp-json\/wp\/v2\/types\/post"}],"author":[{"embeddable":true,"href":"https:\/\/afogadosonline.com.br\/index.php\/wp-json\/wp\/v2\/users\/2"}],"replies":[{"embeddable":true,"href":"https:\/\/afogadosonline.com.br\/index.php\/wp-json\/wp\/v2\/comments?post=8634"}],"version-history":[{"count":1,"href":"https:\/\/afogadosonline.com.br\/index.php\/wp-json\/wp\/v2\/posts\/8634\/revisions"}],"predecessor-version":[{"id":8635,"href":"https:\/\/afogadosonline.com.br\/index.php\/wp-json\/wp\/v2\/posts\/8634\/revisions\/8635"}],"wp:attachment":[{"href":"https:\/\/afogadosonline.com.br\/index.php\/wp-json\/wp\/v2\/media?parent=8634"}],"wp:term":[{"taxonomy":"category","embeddable":true,"href":"https:\/\/afogadosonline.com.br\/index.php\/wp-json\/wp\/v2\/categories?post=8634"},{"taxonomy":"post_tag","embeddable":true,"href":"https:\/\/afogadosonline.com.br\/index.php\/wp-json\/wp\/v2\/tags?post=8634"}],"curies":[{"name":"wp","href":"https:\/\/api.w.org\/{rel}","templated":true}]}}