{"id":8630,"date":"2019-08-29T20:54:20","date_gmt":"2019-08-29T23:54:20","guid":{"rendered":"http:\/\/afogadosonline.com.br\/wp\/?p=8630"},"modified":"2019-08-29T20:54:20","modified_gmt":"2019-08-29T23:54:20","slug":"ministerio-publico-federal-consegue-decisao-que-obriga-municipio-de-pe-a-implantar-corretamente-portal-da-transparencia","status":"publish","type":"post","link":"https:\/\/afogadosonline.com.br\/index.php\/2019\/08\/29\/ministerio-publico-federal-consegue-decisao-que-obriga-municipio-de-pe-a-implantar-corretamente-portal-da-transparencia\/","title":{"rendered":"Minist\u00e9rio P\u00fablico Federal consegue decis\u00e3o que obriga munic\u00edpio de PE a implantar corretamente portal da transpar\u00eancia"},"content":{"rendered":"<p><img fetchpriority=\"high\" decoding=\"async\" class=\"aligncenter\" src=\"http:\/\/www.mpf.mp.br\/pe\/sala-de-imprensa\/noticias-pe\/mpf-consegue-decisao-que-obriga-municipio-de-pe-a-implantar-corretamente-portal-da-transparencia\/image_preview\" alt=\"Arte retangular mostra, ao fundo, foto de uma balan\u00c3\u00a7a em tons dourados e, em primeiro plano, a palavra \u00e2\u0080\u009cDecis\u00c3\u00a3o\u00e2\u0080\u009d escrita em letras amarelas.\" width=\"469\" height=\"312\" \/><\/p>\n<p style=\"text-align: justify;\"><span style=\"font-family: verdana, geneva, sans-serif;\">O Minist\u00e9rio P\u00fablico Federal (MPF) em Salgueiro\/Ouricuri obteve decis\u00e3o judicial, em car\u00e1ter de tutela antecipada, que obriga o munic\u00edpio de Granito, localizado no Sert\u00e3o pernambucano, a implantar corretamente seu portal da transpar\u00eancia. A a\u00e7\u00e3o \u00e9 de autoria do procurador da Rep\u00fablica Marcos de Jesus.<\/span><\/p>\n<p style=\"text-align: justify;\"><span style=\"font-family: verdana, geneva, sans-serif;\">Com o ajuizamento da a\u00e7\u00e3o civil p\u00fablica, o MPF buscou garantir o total cumprimento do que estabelece a Constitui\u00e7\u00e3o Federal, a Lei de Acesso \u00e0 Informa\u00e7\u00e3o (n\u00ba 12.527\/2011) e a Lei da Transpar\u00eancia (n\u00ba 131\/2009), visando a garantir a presta\u00e7\u00e3o de informa\u00e7\u00f5es corretas e atualizadas ao cidad\u00e3o.<\/span><\/p>\n<p style=\"text-align: justify;\"><span style=\"font-family: verdana, geneva, sans-serif;\">De acordo com a decis\u00e3o, o munic\u00edpio ter\u00e1 de apresentar em seu portal da transpar\u00eancia a presta\u00e7\u00e3o de contas relativa ao ano de 2018, bem como informa\u00e7\u00f5es corretas sobre as compet\u00eancias e estrutura organizacional da Prefeitura de Granito. O prazo \u00e9 de 60 dias, a contar da notifica\u00e7\u00e3o.<\/span><\/p>\n<p style=\"text-align: justify;\"><span style=\"font-family: verdana, geneva, sans-serif;\"><strong>Hist\u00f3rico<\/strong> \u2013 O MPF vinha buscando a regulariza\u00e7\u00e3o da presta\u00e7\u00e3o de informa\u00e7\u00f5es pela Prefeitura de Granito desde 2014. Para isso, foram expedidas recomenda\u00e7\u00f5es, promovidas reuni\u00f5es e instaurado inqu\u00e9rito civil p\u00fablico. Por\u00e9m, as apura\u00e7\u00f5es do \u00f3rg\u00e3o revelaram que ainda persistiam irregularidades no portal da transpar\u00eancia do munic\u00edpio, como aus\u00eancia de informa\u00e7\u00f5es sobre estrutura organizacional da prefeitura, compet\u00eancias do \u00f3rg\u00e3o e presta\u00e7\u00e3o de contas referente ao ano anterior.<\/span><\/p>\n<p style=\"text-align: justify;\"><span style=\"font-family: verdana, geneva, sans-serif;\">Para o MPF, o acesso \u00e0s informa\u00e7\u00f5es sob guarda das entidades e \u00f3rg\u00e3os p\u00fablicos \u00e9 direito fundamental do cidad\u00e3o, assim como \u00e9 dever da Administra\u00e7\u00e3o P\u00fablica torn\u00e1-las acess\u00edveis. Conforme consta na a\u00e7\u00e3o, a legisla\u00e7\u00e3o correspondente, al\u00e9m de ampliar os mecanismos de obten\u00e7\u00e3o de informa\u00e7\u00f5es e documentos, estabelece o princ\u00edpio de que o acesso \u00e9 a regra e o sigilo, a exce\u00e7\u00e3o.<\/span><\/p>\n<p style=\"text-align: justify;\"><span style=\"font-family: verdana, geneva, sans-serif;\">Na Justi\u00e7a Federal tamb\u00e9m tramitam processos com o mesmo prop\u00f3sito em rela\u00e7\u00e3o aos munic\u00edpios de Bodoc\u00f3, Exu, Ipubi, Moreil\u00e2ndia, Ouricuri, Santa Cruz, Santa Filomena e Trindade.<\/span><\/p>\n","protected":false},"excerpt":{"rendered":"<p>O Minist&eacute;rio P&uacute;blico Federal (MPF) em Salgueiro\/Ouricuri obteve decis&atilde;o judicial, em car&aacute;ter de tutela antecipada, que obriga o munic&iacute;pio de Granito, localizado no Sert&atilde;o pernambucano, a implantar corretamente seu portal da transpar&ecirc;ncia. A a&ccedil;&atilde;o &eacute; de autoria do procurador da Rep&uacute;blica Marcos de Jesus. Com o ajuizamento da a&ccedil;&atilde;o civil p&uacute;blica, o MPF buscou garantir &#8230; <a title=\"Minist\u00e9rio P\u00fablico Federal consegue decis\u00e3o que obriga munic\u00edpio de PE a implantar corretamente portal da transpar\u00eancia\" class=\"read-more\" href=\"https:\/\/afogadosonline.com.br\/index.php\/2019\/08\/29\/ministerio-publico-federal-consegue-decisao-que-obriga-municipio-de-pe-a-implantar-corretamente-portal-da-transparencia\/\" aria-label=\"Read more about Minist\u00e9rio P\u00fablico Federal consegue decis\u00e3o que obriga munic\u00edpio de PE a implantar corretamente portal da transpar\u00eancia\">Ler mais<\/a><\/p>\n","protected":false},"author":2,"featured_media":0,"comment_status":"open","ping_status":"open","sticky":false,"template":"","format":"standard","meta":{"footnotes":""},"categories":[2],"tags":[],"class_list":["post-8630","post","type-post","status-publish","format-standard","hentry","category-uncategorised"],"_links":{"self":[{"href":"https:\/\/afogadosonline.com.br\/index.php\/wp-json\/wp\/v2\/posts\/8630"}],"collection":[{"href":"https:\/\/afogadosonline.com.br\/index.php\/wp-json\/wp\/v2\/posts"}],"about":[{"href":"https:\/\/afogadosonline.com.br\/index.php\/wp-json\/wp\/v2\/types\/post"}],"author":[{"embeddable":true,"href":"https:\/\/afogadosonline.com.br\/index.php\/wp-json\/wp\/v2\/users\/2"}],"replies":[{"embeddable":true,"href":"https:\/\/afogadosonline.com.br\/index.php\/wp-json\/wp\/v2\/comments?post=8630"}],"version-history":[{"count":1,"href":"https:\/\/afogadosonline.com.br\/index.php\/wp-json\/wp\/v2\/posts\/8630\/revisions"}],"predecessor-version":[{"id":8631,"href":"https:\/\/afogadosonline.com.br\/index.php\/wp-json\/wp\/v2\/posts\/8630\/revisions\/8631"}],"wp:attachment":[{"href":"https:\/\/afogadosonline.com.br\/index.php\/wp-json\/wp\/v2\/media?parent=8630"}],"wp:term":[{"taxonomy":"category","embeddable":true,"href":"https:\/\/afogadosonline.com.br\/index.php\/wp-json\/wp\/v2\/categories?post=8630"},{"taxonomy":"post_tag","embeddable":true,"href":"https:\/\/afogadosonline.com.br\/index.php\/wp-json\/wp\/v2\/tags?post=8630"}],"curies":[{"name":"wp","href":"https:\/\/api.w.org\/{rel}","templated":true}]}}