{"id":8624,"date":"2019-08-29T15:50:49","date_gmt":"2019-08-29T18:50:49","guid":{"rendered":"http:\/\/afogadosonline.com.br\/wp\/?p=8624"},"modified":"2019-08-29T15:50:49","modified_gmt":"2019-08-29T18:50:49","slug":"deputados-estaduais-se-queixam-da-ausencia-de-dialogo-com-secretarios-estaduais","status":"publish","type":"post","link":"https:\/\/afogadosonline.com.br\/index.php\/2019\/08\/29\/deputados-estaduais-se-queixam-da-ausencia-de-dialogo-com-secretarios-estaduais\/","title":{"rendered":"Deputados estaduais se queixam da aus\u00eancia de di\u00e1logo com secret\u00e1rios estaduais"},"content":{"rendered":"<p><img fetchpriority=\"high\" decoding=\"async\" class=\"\" src=\"http:\/\/www.alepe.pe.gov.br\/wp-content\/uploads\/2019\/08\/DUPLA-ANTONIO-MORAES-E-ROGERIO-LEAO.jpg\" width=\"496\" height=\"277\" \/><\/p>\n<p style=\"text-align: justify;\"><span style=\"font-family: verdana, geneva, sans-serif;\">A falta de di\u00e1logo de alguns secret\u00e1rios estaduais com o Poder Legislativo foi criticada por parlamentares na Reuni\u00e3o Plen\u00e1ria desta quinta (29). Em pronunciamento no Pequeno Expediente, os deputados Ant\u00f4nio Moraes (PP) e Rog\u00e9rio Le\u00e3o (PL) relataram que eventos promovidos por \u00f3rg\u00e3os do Governo do Estado t\u00eam acontecido em suas bases eleitorais sem que eles sejam convidados ou avisados em tempo h\u00e1bil.<\/span><\/p>\n<p style=\"text-align: justify;\"><span style=\"font-family: verdana, geneva, sans-serif;\">Moraes citou o caso de uma cerim\u00f4nia da Secretaria de Turismo em Timba\u00faba (Mata Norte), com a presen\u00e7a do gestor da pasta, Rodrigo Novaes (deputado licenciado do PSD). \u201cO secret\u00e1rio n\u00e3o teve o respeito de telefonar para o parlamentar que \u00e9 majorit\u00e1rio no munic\u00edpio. S\u00f3 foi enviado um convite \u00e0 noite, na v\u00e9spera do evento\u201d, reclamou. \u201cEspero que essa rela\u00e7\u00e3o mude com o novo secret\u00e1rio da Casa Civil, Jos\u00e9 Neto\u201d, observou.<\/span><\/p>\n<p style=\"text-align: justify;\"><span style=\"font-family: verdana, geneva, sans-serif;\">A mesma cr\u00edtica foi refor\u00e7ada por Rog\u00e9rio Le\u00e3o. Segundo o parlamentar, o secret\u00e1rio de Turismo esteve em sua cidade, S\u00e3o Jos\u00e9 do Belmonte (Sert\u00e3o Central), e ele s\u00f3 soube no dia seguinte. \u201cNa festa da Pedra do Reino, que tem apoio da Secretaria de Cultura e da Fundarpe, meu nome foi sequer citado nos discursos\u201d, reclamou.<\/span><\/p>\n<p style=\"text-align: justify;\"><span style=\"font-family: verdana, geneva, sans-serif;\">Outros deputados tamb\u00e9m trataram do tema em seus discursos. Romero Albuquerque (PP) disse que se sente numa situa\u00e7\u00e3o ainda pior: \u201cAlguns colegas ainda receberam convites para eventos. Eu nem sequer fui recebido pelo secret\u00e1rio anterior da Casa Civil\u201d, revelou. \u201cSou parlamentar da base governista e me sinto desprestigiado pelo Governo. Espero que isso mude, principalmente em favor da causa animal, de que sou o principal defensor nesta Casa e pela qual o Governo n\u00e3o tem feito nada\u201d, declarou o progressista.<\/span><\/p>\n<p style=\"text-align: justify;\"><span style=\"font-family: verdana, geneva, sans-serif;\">J\u00e1 Wanderson Flor\u00eancio (PSC) salientou que foi por \u201cn\u00e3o se sentir prestigiado pelo Poder Executivo\u201d que saiu da bancada governista para a de Oposi\u00e7\u00e3o. \u201cPelo que estou observando, teremos mais parlamentares se tornando oposicionistas em breve\u201d, cr\u00ea. Ele tamb\u00e9m defendeu que a Assembleia precisa \u201ctomar uma posi\u00e7\u00e3o para garantir a autonomia do Parlamento\u201d, fazendo refer\u00eancia ao debate sobre a PEC das emendas.<\/span><\/p>\n<p style=\"text-align: justify;\"><span style=\"font-family: verdana, geneva, sans-serif;\">Por sua vez, Jo\u00e3o Paulo (PCdoB) prop\u00f4s que poss\u00edveis problemas de relacionamento com secret\u00e1rios sejam encaminhados ao l\u00edder do Governo, Isaltino Nascimento (PSB). \u201cSentimos um pouco esta car\u00eancia nessa rela\u00e7\u00e3o e seria importante aprofundarmos o assunto com nosso l\u00edder aqui na Alepe\u201d, considerou.<\/span><\/p>\n","protected":false},"excerpt":{"rendered":"<p>A falta de di&aacute;logo de alguns secret&aacute;rios estaduais com o Poder Legislativo foi criticada por parlamentares na Reuni&atilde;o Plen&aacute;ria desta quinta (29). Em pronunciamento no Pequeno Expediente, os deputados Ant&ocirc;nio Moraes (PP) e Rog&eacute;rio Le&atilde;o (PL) relataram que eventos promovidos por &oacute;rg&atilde;os do Governo do Estado t&ecirc;m acontecido em suas bases eleitorais sem que eles &#8230; <a title=\"Deputados estaduais se queixam da aus\u00eancia de di\u00e1logo com secret\u00e1rios estaduais\" class=\"read-more\" href=\"https:\/\/afogadosonline.com.br\/index.php\/2019\/08\/29\/deputados-estaduais-se-queixam-da-ausencia-de-dialogo-com-secretarios-estaduais\/\" aria-label=\"Read more about Deputados estaduais se queixam da aus\u00eancia de di\u00e1logo com secret\u00e1rios estaduais\">Ler mais<\/a><\/p>\n","protected":false},"author":2,"featured_media":0,"comment_status":"open","ping_status":"open","sticky":false,"template":"","format":"standard","meta":{"footnotes":""},"categories":[2],"tags":[],"class_list":["post-8624","post","type-post","status-publish","format-standard","hentry","category-uncategorised"],"_links":{"self":[{"href":"https:\/\/afogadosonline.com.br\/index.php\/wp-json\/wp\/v2\/posts\/8624"}],"collection":[{"href":"https:\/\/afogadosonline.com.br\/index.php\/wp-json\/wp\/v2\/posts"}],"about":[{"href":"https:\/\/afogadosonline.com.br\/index.php\/wp-json\/wp\/v2\/types\/post"}],"author":[{"embeddable":true,"href":"https:\/\/afogadosonline.com.br\/index.php\/wp-json\/wp\/v2\/users\/2"}],"replies":[{"embeddable":true,"href":"https:\/\/afogadosonline.com.br\/index.php\/wp-json\/wp\/v2\/comments?post=8624"}],"version-history":[{"count":1,"href":"https:\/\/afogadosonline.com.br\/index.php\/wp-json\/wp\/v2\/posts\/8624\/revisions"}],"predecessor-version":[{"id":8625,"href":"https:\/\/afogadosonline.com.br\/index.php\/wp-json\/wp\/v2\/posts\/8624\/revisions\/8625"}],"wp:attachment":[{"href":"https:\/\/afogadosonline.com.br\/index.php\/wp-json\/wp\/v2\/media?parent=8624"}],"wp:term":[{"taxonomy":"category","embeddable":true,"href":"https:\/\/afogadosonline.com.br\/index.php\/wp-json\/wp\/v2\/categories?post=8624"},{"taxonomy":"post_tag","embeddable":true,"href":"https:\/\/afogadosonline.com.br\/index.php\/wp-json\/wp\/v2\/tags?post=8624"}],"curies":[{"name":"wp","href":"https:\/\/api.w.org\/{rel}","templated":true}]}}