{"id":8622,"date":"2019-08-29T15:44:40","date_gmt":"2019-08-29T18:44:40","guid":{"rendered":"http:\/\/afogadosonline.com.br\/wp\/?p=8622"},"modified":"2019-08-29T15:44:40","modified_gmt":"2019-08-29T18:44:40","slug":"vaticano-avalia-beatificacao-de-dom-helder-camara-na-proxima-semana","status":"publish","type":"post","link":"https:\/\/afogadosonline.com.br\/index.php\/2019\/08\/29\/vaticano-avalia-beatificacao-de-dom-helder-camara-na-proxima-semana\/","title":{"rendered":"Vaticano avalia beatifica\u00e7\u00e3o de dom Helder C\u00e2mara na pr\u00f3xima semana"},"content":{"rendered":"<p><img fetchpriority=\"high\" decoding=\"async\" class=\"aligncenter\" src=\"https:\/\/publisher-publish.s3.eu-central-1.amazonaws.com\/pb-brasil247\/swp\/jtjeq9\/media\/2019082621088_93727f0f-aa6f-44cf-8a43-6c3ff69e90e7.jpeg\" alt=\"Resultado de imagem para dom helder camara\" width=\"495\" height=\"238\" \/><\/p>\n<p style=\"text-align: justify;\"><span style=\"font-family: verdana, geneva, sans-serif;\">Na pr\u00f3xima quinta-feira (5), o Vaticano come\u00e7a a analisar o processo de beatifica\u00e7\u00e3o de dom Helder C\u00e2mara. De acordo com a Arquidiocese de Olinda e Recife, o postulador da causa de beatifica\u00e7\u00e3o, frei Jociel Gomes embarca para Roma na pr\u00f3xima semana. O religioso capuchinho ir\u00e1 acompanhar a nova etapa desse processo de reconhecimento da vida de santidade de dom Helder C\u00e2mara.<\/span><\/p>\n<p style=\"text-align: justify;\"><span style=\"font-family: verdana, geneva, sans-serif;\">A Congrega\u00e7\u00e3o para a Causa dos Santos, no Vaticano, come\u00e7a a analisar a documenta\u00e7\u00e3o enviada pela Arquidiocese, com a conclus\u00e3o da chamada fase diocesana\u009d, encerrada em dezembro de 2018.<\/span><\/p>\n","protected":false},"excerpt":{"rendered":"<p>Na pr&oacute;xima quinta-feira (5), o Vaticano come&ccedil;a a analisar o processo de beatifica&ccedil;&atilde;o de dom Helder C&acirc;mara. De acordo com a Arquidiocese de Olinda e Recife, o postulador da causa de beatifica&ccedil;&atilde;o, frei Jociel Gomes embarca para Roma na pr&oacute;xima semana. O religioso capuchinho ir&aacute; acompanhar a nova etapa desse processo de reconhecimento da vida &#8230; <a title=\"Vaticano avalia beatifica\u00e7\u00e3o de dom Helder C\u00e2mara na pr\u00f3xima semana\" class=\"read-more\" href=\"https:\/\/afogadosonline.com.br\/index.php\/2019\/08\/29\/vaticano-avalia-beatificacao-de-dom-helder-camara-na-proxima-semana\/\" aria-label=\"Read more about Vaticano avalia beatifica\u00e7\u00e3o de dom Helder C\u00e2mara na pr\u00f3xima semana\">Ler mais<\/a><\/p>\n","protected":false},"author":2,"featured_media":0,"comment_status":"open","ping_status":"open","sticky":false,"template":"","format":"standard","meta":{"footnotes":""},"categories":[2],"tags":[],"class_list":["post-8622","post","type-post","status-publish","format-standard","hentry","category-uncategorised"],"_links":{"self":[{"href":"https:\/\/afogadosonline.com.br\/index.php\/wp-json\/wp\/v2\/posts\/8622"}],"collection":[{"href":"https:\/\/afogadosonline.com.br\/index.php\/wp-json\/wp\/v2\/posts"}],"about":[{"href":"https:\/\/afogadosonline.com.br\/index.php\/wp-json\/wp\/v2\/types\/post"}],"author":[{"embeddable":true,"href":"https:\/\/afogadosonline.com.br\/index.php\/wp-json\/wp\/v2\/users\/2"}],"replies":[{"embeddable":true,"href":"https:\/\/afogadosonline.com.br\/index.php\/wp-json\/wp\/v2\/comments?post=8622"}],"version-history":[{"count":1,"href":"https:\/\/afogadosonline.com.br\/index.php\/wp-json\/wp\/v2\/posts\/8622\/revisions"}],"predecessor-version":[{"id":8623,"href":"https:\/\/afogadosonline.com.br\/index.php\/wp-json\/wp\/v2\/posts\/8622\/revisions\/8623"}],"wp:attachment":[{"href":"https:\/\/afogadosonline.com.br\/index.php\/wp-json\/wp\/v2\/media?parent=8622"}],"wp:term":[{"taxonomy":"category","embeddable":true,"href":"https:\/\/afogadosonline.com.br\/index.php\/wp-json\/wp\/v2\/categories?post=8622"},{"taxonomy":"post_tag","embeddable":true,"href":"https:\/\/afogadosonline.com.br\/index.php\/wp-json\/wp\/v2\/tags?post=8622"}],"curies":[{"name":"wp","href":"https:\/\/api.w.org\/{rel}","templated":true}]}}