{"id":8620,"date":"2019-08-29T15:29:17","date_gmt":"2019-08-29T18:29:17","guid":{"rendered":"http:\/\/afogadosonline.com.br\/wp\/?p=8620"},"modified":"2019-08-29T15:29:17","modified_gmt":"2019-08-29T18:29:17","slug":"crlv-2018-veiculos-terminados-em-0-e-9-podem-circular-ate-o-dia-31-de-agosto","status":"publish","type":"post","link":"https:\/\/afogadosonline.com.br\/index.php\/2019\/08\/29\/crlv-2018-veiculos-terminados-em-0-e-9-podem-circular-ate-o-dia-31-de-agosto\/","title":{"rendered":"CRLV 2018: ve\u00edculos terminados em 0 e 9 podem circular at\u00e9 o dia 31 de agosto"},"content":{"rendered":"<p><img fetchpriority=\"high\" decoding=\"async\" class=\"aligncenter\" src=\"https:\/\/s2.glbimg.com\/HeXyvsysDdR3iwFoken9rxInUiI=\/e.glbimg.com\/og\/ed\/f\/original\/2017\/12\/13\/crlv.jpg\" alt=\"Resultado de imagem para crlv 2019\" width=\"495\" height=\"320\" \/><\/p>\n<p style=\"text-align: justify;\"><span style=\"font-family: verdana, geneva, sans-serif;\">O limite do prazo para circular com o Certificado de Registro e Licenciamento Veicular (CRLV) de 2018, para os ve\u00edculos com placa terminada em 0 e 9 termina no dia 31 de agosto. De acordo com o Departamento Estadual de Tr\u00e2nsito de Pernambuco (Detran), o CRLV de 2019 s\u00f3 \u00e9 emitido depois que todos os tributos que comp\u00f5em o Licenciamento forem quitados. Entre as cobran\u00e7as est\u00e3o: Imposto sobre a Propriedade de Ve\u00edculos Automotores (IPVA), taxas (bombeiros, licenciamento), poss\u00edveis multas de transito vencidas e seguro obrigat\u00f3rio (DPVAT).<\/span><\/p>\n","protected":false},"excerpt":{"rendered":"<p>O limite do prazo para circular com o Certificado de Registro e Licenciamento Veicular (CRLV) de 2018, para os ve&iacute;culos com placa terminada em 0 e 9 termina no dia 31 de agosto. De acordo com o Departamento Estadual de Tr&acirc;nsito de Pernambuco (Detran), o CRLV de 2019 s&oacute; &eacute; emitido depois que todos os &#8230; <a title=\"CRLV 2018: ve\u00edculos terminados em 0 e 9 podem circular at\u00e9 o dia 31 de agosto\" class=\"read-more\" href=\"https:\/\/afogadosonline.com.br\/index.php\/2019\/08\/29\/crlv-2018-veiculos-terminados-em-0-e-9-podem-circular-ate-o-dia-31-de-agosto\/\" aria-label=\"Read more about CRLV 2018: ve\u00edculos terminados em 0 e 9 podem circular at\u00e9 o dia 31 de agosto\">Ler mais<\/a><\/p>\n","protected":false},"author":2,"featured_media":0,"comment_status":"open","ping_status":"open","sticky":false,"template":"","format":"standard","meta":{"footnotes":""},"categories":[2],"tags":[],"class_list":["post-8620","post","type-post","status-publish","format-standard","hentry","category-uncategorised"],"_links":{"self":[{"href":"https:\/\/afogadosonline.com.br\/index.php\/wp-json\/wp\/v2\/posts\/8620"}],"collection":[{"href":"https:\/\/afogadosonline.com.br\/index.php\/wp-json\/wp\/v2\/posts"}],"about":[{"href":"https:\/\/afogadosonline.com.br\/index.php\/wp-json\/wp\/v2\/types\/post"}],"author":[{"embeddable":true,"href":"https:\/\/afogadosonline.com.br\/index.php\/wp-json\/wp\/v2\/users\/2"}],"replies":[{"embeddable":true,"href":"https:\/\/afogadosonline.com.br\/index.php\/wp-json\/wp\/v2\/comments?post=8620"}],"version-history":[{"count":1,"href":"https:\/\/afogadosonline.com.br\/index.php\/wp-json\/wp\/v2\/posts\/8620\/revisions"}],"predecessor-version":[{"id":8621,"href":"https:\/\/afogadosonline.com.br\/index.php\/wp-json\/wp\/v2\/posts\/8620\/revisions\/8621"}],"wp:attachment":[{"href":"https:\/\/afogadosonline.com.br\/index.php\/wp-json\/wp\/v2\/media?parent=8620"}],"wp:term":[{"taxonomy":"category","embeddable":true,"href":"https:\/\/afogadosonline.com.br\/index.php\/wp-json\/wp\/v2\/categories?post=8620"},{"taxonomy":"post_tag","embeddable":true,"href":"https:\/\/afogadosonline.com.br\/index.php\/wp-json\/wp\/v2\/tags?post=8620"}],"curies":[{"name":"wp","href":"https:\/\/api.w.org\/{rel}","templated":true}]}}