{"id":5591,"date":"2019-01-14T15:21:00","date_gmt":"2019-01-14T18:21:00","guid":{"rendered":"http:\/\/afogadosonline.com.br\/wp\/?p=5591"},"modified":"2019-01-14T15:21:00","modified_gmt":"2019-01-14T18:21:00","slug":"gestores-de-pernambuco-tem-ate-dia-31-para-enviar-informacoes-sobre-atos-de-pessoal","status":"publish","type":"post","link":"https:\/\/afogadosonline.com.br\/index.php\/2019\/01\/14\/gestores-de-pernambuco-tem-ate-dia-31-para-enviar-informacoes-sobre-atos-de-pessoal\/","title":{"rendered":"Gestores de Pernambuco t\u00eam at\u00e9 dia 31 para enviar informa\u00e7\u00f5es sobre atos de pessoal"},"content":{"rendered":"<p><img fetchpriority=\"high\" decoding=\"async\" class=\"aligncenter\" src=\"https:\/\/www.tce.pe.gov.br\/internet\/images\/calendario.jpg\" width=\"484\" height=\"305\" \/><\/p>\n<p style=\"text-align: justify;\"><span style=\"font-family: verdana, geneva, sans-serif;\">Tem in\u00edcio nesta ter\u00e7a-feira (15) o cronograma de prazos para envio de informa\u00e7\u00f5es relacionadas \u00e0 composi\u00e7\u00e3o, sele\u00e7\u00e3o e formaliza\u00e7\u00e3o dos processos de admiss\u00e3o de pessoal dos \u00f3rg\u00e3os p\u00fablicos da administra\u00e7\u00e3o direta, indireta e funda\u00e7\u00f5es do Estado e munic\u00edpios. As normas relativas \u00e0 apresenta\u00e7\u00e3o e regulamenta\u00e7\u00e3o dos atos de admiss\u00e3o de pessoal, al\u00e9m das puni\u00e7\u00f5es cab\u00edveis em caso de omiss\u00e3o, est\u00e3o dispostas na Resolu\u00e7\u00e3o TC n\u00ba 1 de 07\/01\/2015..<\/span><\/p>\n<p style=\"text-align: justify;\"><span style=\"font-family: verdana, geneva, sans-serif;\">De acordo com a Resolu\u00e7\u00e3o, atos de admiss\u00f5es provenientes de concursos p\u00fablicos ou provimentos derivados e cujas nomea\u00e7\u00f5es tenham ocorrido no m\u00eas de dezembro (entre 01 e 31), decorrentes de contratos tempor\u00e1rios, concursos p\u00fablicos ou provimentos derivados, dever\u00e3o ser remetidas ao TCE entre 15 e 31 de janeiro do exerc\u00edcio seguinte. Os documentos exigidos pelo Tribunal devem ser enviados em formato eletr\u00f4nico.<\/span><\/p>\n<p style=\"text-align: justify;\"><span style=\"font-family: verdana, geneva, sans-serif;\">O TCE disponibilizou em sua p\u00e1gina, na internet, um manual com explica\u00e7\u00f5es sobre como os gestores devem proceder para cumprir o calend\u00e1rio de obriga\u00e7\u00f5es. Um dos cap\u00edtulos trata dos Atos de Admiss\u00e3o de Pessoal e Edital de Concurso P\u00fablico, Processo Seletivo P\u00fablico ou de Sele\u00e7\u00e3o P\u00fablica.<\/span><\/p>\n","protected":false},"excerpt":{"rendered":"<p>Tem in&iacute;cio nesta ter&ccedil;a-feira (15) o cronograma de prazos para envio de informa&ccedil;&otilde;es relacionadas &agrave; composi&ccedil;&atilde;o, sele&ccedil;&atilde;o e formaliza&ccedil;&atilde;o dos processos de admiss&atilde;o de pessoal dos &oacute;rg&atilde;os p&uacute;blicos da administra&ccedil;&atilde;o direta, indireta e funda&ccedil;&otilde;es do Estado e munic&iacute;pios. As normas relativas &agrave; apresenta&ccedil;&atilde;o e regulamenta&ccedil;&atilde;o dos atos de admiss&atilde;o de pessoal, al&eacute;m das puni&ccedil;&otilde;es cab&iacute;veis &#8230; <a title=\"Gestores de Pernambuco t\u00eam at\u00e9 dia 31 para enviar informa\u00e7\u00f5es sobre atos de pessoal\" class=\"read-more\" href=\"https:\/\/afogadosonline.com.br\/index.php\/2019\/01\/14\/gestores-de-pernambuco-tem-ate-dia-31-para-enviar-informacoes-sobre-atos-de-pessoal\/\" aria-label=\"Read more about Gestores de Pernambuco t\u00eam at\u00e9 dia 31 para enviar informa\u00e7\u00f5es sobre atos de pessoal\">Ler mais<\/a><\/p>\n","protected":false},"author":2,"featured_media":0,"comment_status":"open","ping_status":"open","sticky":false,"template":"","format":"standard","meta":{"footnotes":""},"categories":[2],"tags":[],"class_list":["post-5591","post","type-post","status-publish","format-standard","hentry","category-uncategorised"],"_links":{"self":[{"href":"https:\/\/afogadosonline.com.br\/index.php\/wp-json\/wp\/v2\/posts\/5591"}],"collection":[{"href":"https:\/\/afogadosonline.com.br\/index.php\/wp-json\/wp\/v2\/posts"}],"about":[{"href":"https:\/\/afogadosonline.com.br\/index.php\/wp-json\/wp\/v2\/types\/post"}],"author":[{"embeddable":true,"href":"https:\/\/afogadosonline.com.br\/index.php\/wp-json\/wp\/v2\/users\/2"}],"replies":[{"embeddable":true,"href":"https:\/\/afogadosonline.com.br\/index.php\/wp-json\/wp\/v2\/comments?post=5591"}],"version-history":[{"count":1,"href":"https:\/\/afogadosonline.com.br\/index.php\/wp-json\/wp\/v2\/posts\/5591\/revisions"}],"predecessor-version":[{"id":5592,"href":"https:\/\/afogadosonline.com.br\/index.php\/wp-json\/wp\/v2\/posts\/5591\/revisions\/5592"}],"wp:attachment":[{"href":"https:\/\/afogadosonline.com.br\/index.php\/wp-json\/wp\/v2\/media?parent=5591"}],"wp:term":[{"taxonomy":"category","embeddable":true,"href":"https:\/\/afogadosonline.com.br\/index.php\/wp-json\/wp\/v2\/categories?post=5591"},{"taxonomy":"post_tag","embeddable":true,"href":"https:\/\/afogadosonline.com.br\/index.php\/wp-json\/wp\/v2\/tags?post=5591"}],"curies":[{"name":"wp","href":"https:\/\/api.w.org\/{rel}","templated":true}]}}