{"id":5589,"date":"2019-01-14T15:17:44","date_gmt":"2019-01-14T18:17:44","guid":{"rendered":"http:\/\/afogadosonline.com.br\/wp\/?p=5589"},"modified":"2019-01-14T15:17:44","modified_gmt":"2019-01-14T18:17:44","slug":"policia-investiga-assassinato-de-empresario-em-garanhuns","status":"publish","type":"post","link":"https:\/\/afogadosonline.com.br\/index.php\/2019\/01\/14\/policia-investiga-assassinato-de-empresario-em-garanhuns\/","title":{"rendered":"Pol\u00edcia investiga assassinato de empres\u00e1rio em Garanhuns"},"content":{"rendered":"<p style=\"text-align: justify;\"><span style=\"font-family: verdana, geneva, sans-serif;\"><img fetchpriority=\"high\" decoding=\"async\" class=\"aligncenter\" src=\"https:\/\/imagens1.ne10.uol.com.br\/ne10\/imagem\/noticia\/2019\/01\/14\/normal\/8ceed7bf2f2b6483d1f7887bd22bf5cd.jpg\" width=\"463\" height=\"278\" \/><\/span><\/p>\n<p style=\"text-align: justify;\"><span style=\"font-family: verdana, geneva, sans-serif;\">A Pol\u00edcia Civil de Garanhuns vai investigar o assassinato do empres\u00e1rio do ramo de loca\u00e7\u00f5es e terraplanagem \u00c1lvaro Fernandes, 66 anos, na noite da \u00faltima sexta-feira (11) na cidade. O empres\u00e1rio estava no escrit\u00f3rio dele, \u00e0s margens da BR-423, quando o autor do crime chegou ao local e efetuou os disparos contra ele.<\/span><\/p>\n<p style=\"text-align: justify;\"><span style=\"font-family: verdana, geneva, sans-serif;\">\u00c1lvaro Fernandes chegou a ser socorrido para o Hospital Regional Dom Moura (HRDM), mas n\u00e3o resistiu aos ferimentos e faleceu. O corpo dele foi levado para o Instituto de Medicina Legal (IML) de Caruaru.<\/span><\/p>\n<p style=\"text-align: justify;\"><span style=\"font-family: verdana, geneva, sans-serif;\">O delegado Eric Costa, que ficar\u00e1 respons\u00e1vel pelas investiga\u00e7\u00f5es, informou que dilig\u00eancias ser\u00e3o realizadas a partir desta segunda-feira (14) para apurar o caso. Al\u00e9m disto, um retrato falado do executor do crime ser\u00e1 confeccionado para ajudar na identifica\u00e7\u00e3o do suspeito.<\/span><\/p>\n","protected":false},"excerpt":{"rendered":"<p>A Pol&iacute;cia Civil de Garanhuns vai investigar o assassinato do empres&aacute;rio do ramo de loca&ccedil;&otilde;es e terraplanagem &Aacute;lvaro Fernandes, 66 anos, na noite da &uacute;ltima sexta-feira (11) na cidade. O empres&aacute;rio estava no escrit&oacute;rio dele, &agrave;s margens da BR-423, quando o autor do crime chegou ao local e efetuou os disparos contra ele. &Aacute;lvaro Fernandes &#8230; <a title=\"Pol\u00edcia investiga assassinato de empres\u00e1rio em Garanhuns\" class=\"read-more\" href=\"https:\/\/afogadosonline.com.br\/index.php\/2019\/01\/14\/policia-investiga-assassinato-de-empresario-em-garanhuns\/\" aria-label=\"Read more about Pol\u00edcia investiga assassinato de empres\u00e1rio em Garanhuns\">Ler mais<\/a><\/p>\n","protected":false},"author":2,"featured_media":0,"comment_status":"open","ping_status":"open","sticky":false,"template":"","format":"standard","meta":{"footnotes":""},"categories":[2],"tags":[],"class_list":["post-5589","post","type-post","status-publish","format-standard","hentry","category-uncategorised"],"_links":{"self":[{"href":"https:\/\/afogadosonline.com.br\/index.php\/wp-json\/wp\/v2\/posts\/5589"}],"collection":[{"href":"https:\/\/afogadosonline.com.br\/index.php\/wp-json\/wp\/v2\/posts"}],"about":[{"href":"https:\/\/afogadosonline.com.br\/index.php\/wp-json\/wp\/v2\/types\/post"}],"author":[{"embeddable":true,"href":"https:\/\/afogadosonline.com.br\/index.php\/wp-json\/wp\/v2\/users\/2"}],"replies":[{"embeddable":true,"href":"https:\/\/afogadosonline.com.br\/index.php\/wp-json\/wp\/v2\/comments?post=5589"}],"version-history":[{"count":1,"href":"https:\/\/afogadosonline.com.br\/index.php\/wp-json\/wp\/v2\/posts\/5589\/revisions"}],"predecessor-version":[{"id":5590,"href":"https:\/\/afogadosonline.com.br\/index.php\/wp-json\/wp\/v2\/posts\/5589\/revisions\/5590"}],"wp:attachment":[{"href":"https:\/\/afogadosonline.com.br\/index.php\/wp-json\/wp\/v2\/media?parent=5589"}],"wp:term":[{"taxonomy":"category","embeddable":true,"href":"https:\/\/afogadosonline.com.br\/index.php\/wp-json\/wp\/v2\/categories?post=5589"},{"taxonomy":"post_tag","embeddable":true,"href":"https:\/\/afogadosonline.com.br\/index.php\/wp-json\/wp\/v2\/tags?post=5589"}],"curies":[{"name":"wp","href":"https:\/\/api.w.org\/{rel}","templated":true}]}}