{"id":5522,"date":"2019-01-09T18:24:15","date_gmt":"2019-01-09T21:24:15","guid":{"rendered":"http:\/\/afogadosonline.com.br\/wp\/?p=5522"},"modified":"2019-01-09T18:24:15","modified_gmt":"2019-01-09T21:24:15","slug":"delegado-de-pernambuco-e-multado-por-post-em-rede-social-sobre-o-caso-marielli-franco","status":"publish","type":"post","link":"https:\/\/afogadosonline.com.br\/index.php\/2019\/01\/09\/delegado-de-pernambuco-e-multado-por-post-em-rede-social-sobre-o-caso-marielli-franco\/","title":{"rendered":"Delegado de Pernambuco \u00e9 multado por post em rede social sobre o caso Marielli Franco"},"content":{"rendered":"<p><img fetchpriority=\"high\" decoding=\"async\" class=\"aligncenter\" src=\"https:\/\/cdn-istoe-ssl.akamaized.net\/wp-content\/uploads\/sites\/14\/2018\/05\/marielle-2-1280x720.jpg\" alt=\"Resultado de imagem para marielli franco\" width=\"490\" height=\"276\" \/><\/p>\n<p style=\"text-align: justify;\"><span style=\"font-family: verdana, geneva, sans-serif;\">O delegado Jorge Ferreira de Souza, da Delegacia da Mulher de Pernambuco, foi punido com a perda de valor equivalente a dez dias de trabalho no pr\u00f3ximo sal\u00e1rio pela Secretaria de Defesa Social (SDS). O desconto dos R$ 7,9 mil ser\u00e1 feito direto na folha do servidor, que recebe mensalmente cerca de R$ 24 mil.<\/span><\/p>\n<p style=\"text-align: justify;\"><span style=\"font-family: verdana, geneva, sans-serif;\">A penalidade \u00e9 o resultado do inqu\u00e9rito administrativo instaurado para apurar as declara\u00e7\u00f5es do delegado. Em mar\u00e7o do ano passado, Ferreira publicou um post no Facebook atacando a vereadora Marielle Franco (PSol-RJ), que havia sido executada alguns dias antes na capital carioca. \u201cSe envolve com o narcotr\u00e1fico, vira mulher de bandido, troca de fac\u00e7\u00e3o criminosa, \u00e9 assassinada pelos \u2018mano\u2019&#8230; Va se fu dona Marielle, j\u00e1 foi tarde\u201d, disse o ex-titular da Delegacia da Mulher. \u00c0 \u00e9poca, ele argumentou que sua conta no Facebook havia sido hackeada.<\/span><\/p>\n<p style=\"text-align: justify;\"><span style=\"font-family: verdana, geneva, sans-serif;\">O texto com a puni\u00e7\u00e3o afirma que o delegado \u201ccometeu transgress\u00e3o disciplinar, uma vez que restou devidamente comprovado no decorrer do procedimento administrativo, que o imputado publicou e compartilhou em seu Facebook posts em que participou de manifesta\u00e7\u00f5es de desapre\u00e7o a autoridades p\u00fablicas e pol\u00edticas\u201d. A reportagem da Folha de Pernambuco tentou contato com o delegado, mas n\u00e3o conseguiu conversar com ele.<\/span><\/p>\n","protected":false},"excerpt":{"rendered":"<p>O delegado Jorge Ferreira de Souza, da Delegacia da Mulher de Pernambuco, foi punido com a perda de valor equivalente a dez dias de trabalho no pr&oacute;ximo sal&aacute;rio pela Secretaria de Defesa Social (SDS). O desconto dos R$ 7,9 mil ser&aacute; feito direto na folha do servidor, que recebe mensalmente cerca de R$ 24 mil. &#8230; <a title=\"Delegado de Pernambuco \u00e9 multado por post em rede social sobre o caso Marielli Franco\" class=\"read-more\" href=\"https:\/\/afogadosonline.com.br\/index.php\/2019\/01\/09\/delegado-de-pernambuco-e-multado-por-post-em-rede-social-sobre-o-caso-marielli-franco\/\" aria-label=\"Read more about Delegado de Pernambuco \u00e9 multado por post em rede social sobre o caso Marielli Franco\">Ler mais<\/a><\/p>\n","protected":false},"author":2,"featured_media":0,"comment_status":"open","ping_status":"open","sticky":false,"template":"","format":"standard","meta":{"footnotes":""},"categories":[2],"tags":[],"class_list":["post-5522","post","type-post","status-publish","format-standard","hentry","category-uncategorised"],"_links":{"self":[{"href":"https:\/\/afogadosonline.com.br\/index.php\/wp-json\/wp\/v2\/posts\/5522"}],"collection":[{"href":"https:\/\/afogadosonline.com.br\/index.php\/wp-json\/wp\/v2\/posts"}],"about":[{"href":"https:\/\/afogadosonline.com.br\/index.php\/wp-json\/wp\/v2\/types\/post"}],"author":[{"embeddable":true,"href":"https:\/\/afogadosonline.com.br\/index.php\/wp-json\/wp\/v2\/users\/2"}],"replies":[{"embeddable":true,"href":"https:\/\/afogadosonline.com.br\/index.php\/wp-json\/wp\/v2\/comments?post=5522"}],"version-history":[{"count":1,"href":"https:\/\/afogadosonline.com.br\/index.php\/wp-json\/wp\/v2\/posts\/5522\/revisions"}],"predecessor-version":[{"id":5523,"href":"https:\/\/afogadosonline.com.br\/index.php\/wp-json\/wp\/v2\/posts\/5522\/revisions\/5523"}],"wp:attachment":[{"href":"https:\/\/afogadosonline.com.br\/index.php\/wp-json\/wp\/v2\/media?parent=5522"}],"wp:term":[{"taxonomy":"category","embeddable":true,"href":"https:\/\/afogadosonline.com.br\/index.php\/wp-json\/wp\/v2\/categories?post=5522"},{"taxonomy":"post_tag","embeddable":true,"href":"https:\/\/afogadosonline.com.br\/index.php\/wp-json\/wp\/v2\/tags?post=5522"}],"curies":[{"name":"wp","href":"https:\/\/api.w.org\/{rel}","templated":true}]}}