{"id":5517,"date":"2019-01-09T16:04:24","date_gmt":"2019-01-09T19:04:24","guid":{"rendered":"http:\/\/afogadosonline.com.br\/wp\/?p=5517"},"modified":"2019-01-09T16:04:24","modified_gmt":"2019-01-09T19:04:24","slug":"sucessao-gonzaga-patriota-diz-que-tem-que-haver-entendimento-na-frente-popular-senao-sandrinho-se-lasca","status":"publish","type":"post","link":"https:\/\/afogadosonline.com.br\/index.php\/2019\/01\/09\/sucessao-gonzaga-patriota-diz-que-tem-que-haver-entendimento-na-frente-popular-senao-sandrinho-se-lasca\/","title":{"rendered":"Sucess\u00e3o: Gonzaga Patriota diz que tem que haver entendimento na Frente Popular, sen\u00e3o Sandrinho se lasca"},"content":{"rendered":"<p><img fetchpriority=\"high\" decoding=\"async\" class=\"aligncenter\" src=\"https:\/\/i0.wp.com\/nilljunior.com.br\/wp-content\/uploads\/2019\/01\/gp.jpeg?fit=910%2C525\" alt=\"Resultado de imagem para gonzaga patriota radio pajeu\" width=\"489\" height=\"282\" \/><\/p>\n<p style=\"text-align: justify;\"><span style=\"font-family: verdana, geneva, sans-serif;\">Durante entrevista na manh\u00e3 desta quarta (9) na R\u00e1dio Paje\u00fa, o deputado federal Gonzaga Patriota fez duras cr\u00edticas \u00e0 forma de como o governo Paulo C\u00e2mara trata os deputados.<\/span><\/p>\n<p style=\"text-align: justify;\"><span style=\"font-family: verdana, geneva, sans-serif;\">Gonzaga est\u00e1 na regi\u00e3o do Paje\u00fa e esteve fazendo um balan\u00e7o de sua visita em alguns munic\u00edpios.<\/span><\/p>\n<p style=\"text-align: justify;\"><span style=\"font-family: verdana, geneva, sans-serif;\">Sobre o governador Paulo C\u00e2mara, Gonzaga disse que, devido ser um governo t\u00e9cnico, deu uma equilibrada no Estado, mesmo apesar das dificuldades em que se encontram outros estados, mas no relacionamento com os pol\u00edticos de mandatos \u00e9 muito ruim por conta de n\u00e3o ter assessoramento. \u201cOs secret\u00e1rios dele s\u00e3o ruins demais para os pol\u00edticos. Quem t\u00e1 falando aqui n\u00e3o \u00e9 Gonzaga Patriota, \u00e9 o deputado que se elegeu em 2014 e o mandato termina agora em 31 de janeiro com mais de 100 mil votos. Ent\u00e3o, na hora que Gonzaga Patriota liga para um secret\u00e1rio desses \u00e9 para atender ou retornar, mas n\u00e3o fazem isso. Vieram a Cust\u00f3dia onde sou o segundo deputado mais votado da Frente para inaugurar coisas que ajudei a levar para o munic\u00edpio e me avisam \u00e0 noite \u2018olha amanh\u00e3 bem cedo o governador t\u00e1 em Cust\u00f3dia\u2019 eu respondi diga a ele que seja bem ido porque eu n\u00e3o vou\u201d, disse o deputado.<\/span><\/p>\n<p style=\"text-align: justify;\"><span style=\"font-family: verdana, geneva, sans-serif;\">Sobre Afogados da Ingazeira, o deputado disse que n\u00e3o esteve presente na inaugura\u00e7\u00e3o e revitaliza\u00e7\u00e3o da Avenida Rio Branco porque n\u00e3o foi n\u00e3o sabia. Disse ter tido conhecimento da inaugura\u00e7\u00e3o atrav\u00e9s de blogs da cidade. Quanto \u00e0 sucess\u00e3o no munic\u00edpio, Gonzaga disse que n\u00e3o \u00e9 muito cedo para se falar nisso. Para ele, Patriota deu sequ\u00eancia ao trabalho de Totonho e j\u00e1 est\u00e1 no momento de se conversar sobre elei\u00e7\u00e3o que acontece o ano que vem e que Afogados da Ingazeira tem que come\u00e7ar a exigir entendimentos para que se possam escolher os pr\u00f3ximos candidatos.<\/span><\/p>\n<p style=\"text-align: justify;\"><span style=\"font-family: verdana, geneva, sans-serif;\"><strong>Racha entre Totonho e Patriota<\/strong><\/span><\/p>\n<p style=\"text-align: justify;\"><span style=\"font-family: verdana, geneva, sans-serif;\">Gonzaga disse que pode sim acontecer o racha, mas que todos sentar\u00e3o para debater e discutir uma sa\u00edda em que todos possam marchar juntos na elei\u00e7\u00e3o ano que vem. \u201cPoder, pode acontecer (do racha) agora a gente vai trabalhar muito para que n\u00e3o ter racha, o que n\u00e3o pode \u00e9 algu\u00e9m dizer que \u2018eu sou o prefeito\u2019 e vou colocar algu\u00e9m para ser meu sucessor, n\u00e3o tem que ouvir. Porque se for assim, o camarada que est\u00e1 como prefeito e as vezes se excede com os poderes, ele cai, j\u00e1 vi muitos ca\u00edrem. Ent\u00e3o, se Patriota chegar e disser \u2018meu candidato \u00e9 Sandrinho\u2019 e se for assim, a gente vai pra o lado de l\u00e1 e tr\u00e1s muita gente, porque n\u00e3o \u00e9 s\u00f3 Sandrinho que quer se candidato da Frente n\u00e3o, tem muita gente do lado de Patriota que tamb\u00e9m quer ser candidato. <strong>Um exemplo, se Patriota chegar e disser que Sandrinho \u00e9 o candidato, e acabou-se, do lado de c\u00e1 a gente tem candidato, do lado de l\u00e1 a gente tr\u00e1s uns 40% e Sandrinho se lasca<\/strong>, dai que tem que ter um entendimento\u201d, concluiu Gonzaga.<\/span><\/p>\n","protected":false},"excerpt":{"rendered":"<p>Durante entrevista na manh&atilde; desta quarta (9) na R&aacute;dio Paje&uacute;, o deputado federal Gonzaga Patriota fez duras cr&iacute;ticas &agrave; forma de como o governo Paulo C&acirc;mara trata os deputados. Gonzaga est&aacute; na regi&atilde;o do Paje&uacute; e esteve fazendo um balan&ccedil;o de sua visita em alguns munic&iacute;pios. Sobre o governador Paulo C&acirc;mara, Gonzaga disse que, devido &#8230; <a title=\"Sucess\u00e3o: Gonzaga Patriota diz que tem que haver entendimento na Frente Popular, sen\u00e3o Sandrinho se lasca\" class=\"read-more\" href=\"https:\/\/afogadosonline.com.br\/index.php\/2019\/01\/09\/sucessao-gonzaga-patriota-diz-que-tem-que-haver-entendimento-na-frente-popular-senao-sandrinho-se-lasca\/\" aria-label=\"Read more about Sucess\u00e3o: Gonzaga Patriota diz que tem que haver entendimento na Frente Popular, sen\u00e3o Sandrinho se lasca\">Ler mais<\/a><\/p>\n","protected":false},"author":2,"featured_media":0,"comment_status":"open","ping_status":"open","sticky":false,"template":"","format":"standard","meta":{"footnotes":""},"categories":[2],"tags":[],"class_list":["post-5517","post","type-post","status-publish","format-standard","hentry","category-uncategorised"],"_links":{"self":[{"href":"https:\/\/afogadosonline.com.br\/index.php\/wp-json\/wp\/v2\/posts\/5517"}],"collection":[{"href":"https:\/\/afogadosonline.com.br\/index.php\/wp-json\/wp\/v2\/posts"}],"about":[{"href":"https:\/\/afogadosonline.com.br\/index.php\/wp-json\/wp\/v2\/types\/post"}],"author":[{"embeddable":true,"href":"https:\/\/afogadosonline.com.br\/index.php\/wp-json\/wp\/v2\/users\/2"}],"replies":[{"embeddable":true,"href":"https:\/\/afogadosonline.com.br\/index.php\/wp-json\/wp\/v2\/comments?post=5517"}],"version-history":[{"count":1,"href":"https:\/\/afogadosonline.com.br\/index.php\/wp-json\/wp\/v2\/posts\/5517\/revisions"}],"predecessor-version":[{"id":5518,"href":"https:\/\/afogadosonline.com.br\/index.php\/wp-json\/wp\/v2\/posts\/5517\/revisions\/5518"}],"wp:attachment":[{"href":"https:\/\/afogadosonline.com.br\/index.php\/wp-json\/wp\/v2\/media?parent=5517"}],"wp:term":[{"taxonomy":"category","embeddable":true,"href":"https:\/\/afogadosonline.com.br\/index.php\/wp-json\/wp\/v2\/categories?post=5517"},{"taxonomy":"post_tag","embeddable":true,"href":"https:\/\/afogadosonline.com.br\/index.php\/wp-json\/wp\/v2\/tags?post=5517"}],"curies":[{"name":"wp","href":"https:\/\/api.w.org\/{rel}","templated":true}]}}