{"id":5505,"date":"2019-01-09T14:29:07","date_gmt":"2019-01-09T17:29:07","guid":{"rendered":"http:\/\/afogadosonline.com.br\/wp\/?p=5505"},"modified":"2019-01-09T14:29:07","modified_gmt":"2019-01-09T17:29:07","slug":"araripina-arcoverde-e-goiania-terao-curso-de-medicina","status":"publish","type":"post","link":"https:\/\/afogadosonline.com.br\/index.php\/2019\/01\/09\/araripina-arcoverde-e-goiania-terao-curso-de-medicina\/","title":{"rendered":"Araripina, Arcoverde e Goiania ter\u00e3o curso de medicina"},"content":{"rendered":"<p><img fetchpriority=\"high\" decoding=\"async\" class=\"aligncenter\" src=\"http:\/\/maisro.com.br\/wp-content\/uploads\/2017\/11\/noticia_48943.jpg\" alt=\"Resultado de imagem para curso de medicina\" width=\"491\" height=\"314\" \/><\/p>\n<p style=\"text-align: justify;\"><span style=\"font-family: verdana, geneva, sans-serif;\">Os munic\u00edpios de Araripina e Arcoverde, no Sert\u00e3o do Estado, e Goiana, na Regi\u00e3o Metropolitana do Recife, est\u00e3o aptos a instalar suas faculdades de medicina. A Portaria n\u00ba 924, publicada pelo Minist\u00e9rio da Educa\u00e7\u00e3o (MEC), no \u00faltimo dia 27, traz a rela\u00e7\u00e3o das institui\u00e7\u00f5es mantenedoras (de Ensino Superior Privado) classificadas que poder\u00e3o ofertar o curso nestas cidades. Elas t\u00eam um prazo de 21 de janeiro at\u00e9 8 de fevereiro para entregarem ao \u00f3rg\u00e3o federal a Garantia de Execu\u00e7\u00e3o dos termos previsto no edital e a assinatura do Termo de Compromisso.<\/span><\/p>\n<p style=\"text-align: justify;\"><span style=\"font-family: verdana, geneva, sans-serif;\">Em Araripina, a proje\u00e7\u00e3o \u00e9 de que 50 vagas integrais sejam dispon\u00edveis pela Faculdade Para\u00edso do Cear\u00e1, que dever\u00e1 implantar o curso de Medicina em at\u00e9 18 meses, j\u00e1 que ser\u00e1 necess\u00e1ria a constru\u00e7\u00e3o de um campus. \u201c\u00c9 importante pelo impacto educacional, que transforma a cidade em um polo de educa\u00e7\u00e3o. E na quest\u00e3o da sa\u00fade, pois necessariamente vamos ter que melhorar os servi\u00e7os prestados a popula\u00e7\u00e3o para atrair os profissionais nessa \u00e1rea. Certamente n\u00e3o ficaremos s\u00f3 nas faculdades de medicina\u201d, afirma o prefeito Raimundo Pimentel.<\/span><\/p>\n<p style=\"text-align: justify;\"><span style=\"font-family: verdana, geneva, sans-serif;\">J\u00e1 em Arcoverde, segundo a prefeita Madalena Brito, esse per\u00edodo de at\u00e9 um ano e meio poder\u00e1 ser reduzido, pois a cidade conta com um campus da Universidade de Pernambuco (UPE) &#8211; com curso superior de Direito e Odontologia, em que poderia ser feito uma parceria para abrigar o curso Medicina, que ser\u00e1 ofertado pela Faculdade Leopoldo Mandic. \u201cA UPE possui uma estrutura grande e poderia ser feita essa parceria. Tamb\u00e9m estive em reuni\u00e3o com os investidores do Shopping de Arcoverde, que tiveram interesse em abrigar a institui\u00e7\u00e3o. O mais importante \u00e9 que a faculdade de medicina \u00e9 uma grande conquista e que mudar\u00e1 o perfil da cidade\u201d, explica.<\/span><\/p>\n<p style=\"text-align: justify;\"><span style=\"font-family: verdana, geneva, sans-serif;\">Em Goiana, a institui\u00e7\u00e3o mantenedora ser\u00e1 a Faculdade Tiradentes, que j\u00e1 tem atua\u00e7\u00e3o no munic\u00edpio de Jaboat\u00e3o dos Guararapes. Desde 2015, quando aderiram ao Programa Mais M\u00e9dico do Governo Federal, as cidades pernambucanas aguardam a implanta\u00e7\u00e3o do curso de medicina. Entre os crit\u00e9rios para a sele\u00e7\u00e3o dos munic\u00edpios estava \u00e0 avalia\u00e7\u00e3o dos equipamentos de sa\u00fade em rela\u00e7\u00e3o ao quantitativo de leitos e ter um hospital com potencial para se tornar uma unidade de sa\u00fade de ensino.<\/span><\/p>\n","protected":false},"excerpt":{"rendered":"<p>Os munic&iacute;pios de Araripina e Arcoverde, no Sert&atilde;o do Estado, e Goiana, na Regi&atilde;o Metropolitana do Recife, est&atilde;o aptos a instalar suas faculdades de medicina. A Portaria n&ordm; 924, publicada pelo Minist&eacute;rio da Educa&ccedil;&atilde;o (MEC), no &uacute;ltimo dia 27, traz a rela&ccedil;&atilde;o das institui&ccedil;&otilde;es mantenedoras (de Ensino Superior Privado) classificadas que poder&atilde;o ofertar o curso &#8230; <a title=\"Araripina, Arcoverde e Goiania ter\u00e3o curso de medicina\" class=\"read-more\" href=\"https:\/\/afogadosonline.com.br\/index.php\/2019\/01\/09\/araripina-arcoverde-e-goiania-terao-curso-de-medicina\/\" aria-label=\"Read more about Araripina, Arcoverde e Goiania ter\u00e3o curso de medicina\">Ler mais<\/a><\/p>\n","protected":false},"author":2,"featured_media":0,"comment_status":"open","ping_status":"open","sticky":false,"template":"","format":"standard","meta":{"footnotes":""},"categories":[2],"tags":[],"class_list":["post-5505","post","type-post","status-publish","format-standard","hentry","category-uncategorised"],"_links":{"self":[{"href":"https:\/\/afogadosonline.com.br\/index.php\/wp-json\/wp\/v2\/posts\/5505"}],"collection":[{"href":"https:\/\/afogadosonline.com.br\/index.php\/wp-json\/wp\/v2\/posts"}],"about":[{"href":"https:\/\/afogadosonline.com.br\/index.php\/wp-json\/wp\/v2\/types\/post"}],"author":[{"embeddable":true,"href":"https:\/\/afogadosonline.com.br\/index.php\/wp-json\/wp\/v2\/users\/2"}],"replies":[{"embeddable":true,"href":"https:\/\/afogadosonline.com.br\/index.php\/wp-json\/wp\/v2\/comments?post=5505"}],"version-history":[{"count":1,"href":"https:\/\/afogadosonline.com.br\/index.php\/wp-json\/wp\/v2\/posts\/5505\/revisions"}],"predecessor-version":[{"id":5506,"href":"https:\/\/afogadosonline.com.br\/index.php\/wp-json\/wp\/v2\/posts\/5505\/revisions\/5506"}],"wp:attachment":[{"href":"https:\/\/afogadosonline.com.br\/index.php\/wp-json\/wp\/v2\/media?parent=5505"}],"wp:term":[{"taxonomy":"category","embeddable":true,"href":"https:\/\/afogadosonline.com.br\/index.php\/wp-json\/wp\/v2\/categories?post=5505"},{"taxonomy":"post_tag","embeddable":true,"href":"https:\/\/afogadosonline.com.br\/index.php\/wp-json\/wp\/v2\/tags?post=5505"}],"curies":[{"name":"wp","href":"https:\/\/api.w.org\/{rel}","templated":true}]}}