{"id":5503,"date":"2019-01-09T05:10:30","date_gmt":"2019-01-09T08:10:30","guid":{"rendered":"http:\/\/afogadosonline.com.br\/wp\/?p=5503"},"modified":"2019-01-08T22:13:16","modified_gmt":"2019-01-09T01:13:16","slug":"a-pedido-do-mppe-justica-suspende-atividades-economicas-da-empresa-casa-de-farinha","status":"publish","type":"post","link":"https:\/\/afogadosonline.com.br\/index.php\/2019\/01\/09\/a-pedido-do-mppe-justica-suspende-atividades-economicas-da-empresa-casa-de-farinha\/","title":{"rendered":"A pedido do MPPE, Justi\u00e7a suspende atividades econ\u00f4micas da empresa Casa de Farinha"},"content":{"rendered":"<p style=\"text-align: justify;\"><span style=\"font-family: verdana, geneva, sans-serif;\"><img fetchpriority=\"high\" decoding=\"async\" class=\"alignleft\" src=\"http:\/\/mppe.mp.br\/mppe\/images\/corregedoria\/braso_mppe_jpg.jpg\" alt=\"Resultado de imagem para mppe\" width=\"246\" height=\"246\" \/>A Vara Criminal do Ipojuca acolheu pleito do Minist\u00e9rio P\u00fablico de Pernambuco (MPPE) e imp\u00f4s medidas cautelares contra os s\u00f3cios e representantes da empresa Casa de Farinha, que j\u00e1 tinham sido alvo de den\u00fancia criminal. Com a decis\u00e3o, proferida nesta quarta-feira (2), os r\u00e9us Romero Fittipaldi Pontual Filho, Nelson Nunes Canizza Neto, Val\u00e9ria dos Santos Silva, Daniel Candido Xavier dos Santos e Rog\u00e9rio Lopes da Silva est\u00e3o proibidos de se ausentar do Estado de Pernambuco sem autoriza\u00e7\u00e3o judicial. Eles tamb\u00e9m n\u00e3o podem, por meio da Casa de Farinha ou qualquer outra empresa na qual tenham participa\u00e7\u00e3o, disputar processos licitat\u00f3rios, firmar contratos com o poder p\u00fablico, constituir novas sociedades empresariais ou promover altera\u00e7\u00f5es contratuais naquelas que j\u00e1 integram. A decis\u00e3o vale para outras comarcas al\u00e9m do Ipojuca.<\/span><\/p>\n<p style=\"text-align: justify;\"><span style=\"font-family: verdana, geneva, sans-serif;\">A ado\u00e7\u00e3o das medidas cautelares, incluindo a suspens\u00e3o das atividades econ\u00f4micas da Casa de Farinha, foi pedida pelo MPPE atrav\u00e9s de aditivo \u00e0 den\u00fancia com a finalidade de evitar que a empresa continue a ser utilizada pelos s\u00f3cios como instrumento para a pr\u00e1tica de fraudes a licita\u00e7\u00f5es e preju\u00edzos ao patrim\u00f4nio p\u00fablico.<\/span><\/p>\n<p style=\"text-align: justify;\"><span style=\"font-family: verdana, geneva, sans-serif;\">No caso de Ipojuca, o MPPE constatou que Rog\u00e9rio e Daniel coagiram de forma violenta um representante de uma empresa concorrente para que n\u00e3o participasse de um preg\u00e3o presencial realizado pela Secretaria de Educa\u00e7\u00e3o do Ipojuca, cujo valor estimado era de R$ 21,7 milh\u00f5es. Na ocasi\u00e3o, eles colidiram contra o carro do concorrente e rasgaram a documenta\u00e7\u00e3o destinada \u00e0 participa\u00e7\u00e3o no certame. J\u00e1 Val\u00e9ria dos Santos ficou encarregada de comparecer ao preg\u00e3o a fim de assegurar que a Casa de Farinha sa\u00edsse vencedora do certame, o que efetivamente ocorreu.<\/span><\/p>\n<p style=\"text-align: justify;\"><span style=\"font-family: verdana, geneva, sans-serif;\">A licita\u00e7\u00e3o posteriormente foi revogada pelo munic\u00edpio do Ipojuca, quando as pr\u00e1ticas criminosas se tornaram p\u00fablicas, mas ainda assim empresa acabou sendo beneficiada porque j\u00e1 era, desde 2013, a fornecedora de refei\u00e7\u00f5es para a Secretaria de Educa\u00e7\u00e3o. A presta\u00e7\u00e3o do servi\u00e7o vem sendo mantida mediante aditivos irregulares ao contrato.<\/span><\/p>\n<p style=\"text-align: justify;\"><span style=\"font-family: verdana, geneva, sans-serif;\">\u201cAs a\u00e7\u00f5es cautelares requeridas pelo MPPE, especialmente a suspens\u00e3o da atividade econ\u00f4mica nos limites almejados, se revelam proporcionais, pois aptas e necess\u00e1rias para evitar pr\u00e1ticas criminosas\u201d, salientou a ju\u00edza Idiara Cavalcanti, no texto da decis\u00e3o.<\/span><\/p>\n","protected":false},"excerpt":{"rendered":"<p>A Vara Criminal do Ipojuca acolheu pleito do Minist&eacute;rio P&uacute;blico de Pernambuco (MPPE) e imp&ocirc;s medidas cautelares contra os s&oacute;cios e representantes da empresa Casa de Farinha, que j&aacute; tinham sido alvo de den&uacute;ncia criminal. Com a decis&atilde;o, proferida nesta quarta-feira (2), os r&eacute;us Romero Fittipaldi Pontual Filho, Nelson Nunes Canizza Neto, Val&eacute;ria dos Santos &#8230; <a title=\"A pedido do MPPE, Justi\u00e7a suspende atividades econ\u00f4micas da empresa Casa de Farinha\" class=\"read-more\" href=\"https:\/\/afogadosonline.com.br\/index.php\/2019\/01\/09\/a-pedido-do-mppe-justica-suspende-atividades-economicas-da-empresa-casa-de-farinha\/\" aria-label=\"Read more about A pedido do MPPE, Justi\u00e7a suspende atividades econ\u00f4micas da empresa Casa de Farinha\">Ler mais<\/a><\/p>\n","protected":false},"author":2,"featured_media":0,"comment_status":"open","ping_status":"open","sticky":false,"template":"","format":"standard","meta":{"footnotes":""},"categories":[2],"tags":[],"class_list":["post-5503","post","type-post","status-publish","format-standard","hentry","category-uncategorised"],"_links":{"self":[{"href":"https:\/\/afogadosonline.com.br\/index.php\/wp-json\/wp\/v2\/posts\/5503"}],"collection":[{"href":"https:\/\/afogadosonline.com.br\/index.php\/wp-json\/wp\/v2\/posts"}],"about":[{"href":"https:\/\/afogadosonline.com.br\/index.php\/wp-json\/wp\/v2\/types\/post"}],"author":[{"embeddable":true,"href":"https:\/\/afogadosonline.com.br\/index.php\/wp-json\/wp\/v2\/users\/2"}],"replies":[{"embeddable":true,"href":"https:\/\/afogadosonline.com.br\/index.php\/wp-json\/wp\/v2\/comments?post=5503"}],"version-history":[{"count":1,"href":"https:\/\/afogadosonline.com.br\/index.php\/wp-json\/wp\/v2\/posts\/5503\/revisions"}],"predecessor-version":[{"id":5504,"href":"https:\/\/afogadosonline.com.br\/index.php\/wp-json\/wp\/v2\/posts\/5503\/revisions\/5504"}],"wp:attachment":[{"href":"https:\/\/afogadosonline.com.br\/index.php\/wp-json\/wp\/v2\/media?parent=5503"}],"wp:term":[{"taxonomy":"category","embeddable":true,"href":"https:\/\/afogadosonline.com.br\/index.php\/wp-json\/wp\/v2\/categories?post=5503"},{"taxonomy":"post_tag","embeddable":true,"href":"https:\/\/afogadosonline.com.br\/index.php\/wp-json\/wp\/v2\/tags?post=5503"}],"curies":[{"name":"wp","href":"https:\/\/api.w.org\/{rel}","templated":true}]}}