{"id":5501,"date":"2019-01-08T22:03:51","date_gmt":"2019-01-09T01:03:51","guid":{"rendered":"http:\/\/afogadosonline.com.br\/wp\/?p=5501"},"modified":"2019-01-08T22:03:51","modified_gmt":"2019-01-09T01:03:51","slug":"apos-35-anos-no-ar-globo-anuncia-fim-do-video-show","status":"publish","type":"post","link":"https:\/\/afogadosonline.com.br\/index.php\/2019\/01\/08\/apos-35-anos-no-ar-globo-anuncia-fim-do-video-show\/","title":{"rendered":"Ap\u00f3s 35 anos no ar, Globo anuncia fim do V\u00eddeo Show"},"content":{"rendered":"<p><img fetchpriority=\"high\" decoding=\"async\" class=\"aligncenter\" src=\"http:\/\/imgsapp.diariodepernambuco.com.br\/app\/noticia_127983242361\/2019\/01\/08\/773178\/20190108161509884832a.jpg\" alt=\"Atualmente, o programa \u00e9 apresentado por Joaquim Lopes e Sophia Abra\u00e3o. Foto: Divulga\u00e7\u00e3o\/TV Globo \" width=\"490\" height=\"280\" \/><\/p>\n<p style=\"text-align: justify;\"><span style=\"font-family: verdana, geneva, sans-serif;\">Ap\u00f3s v\u00e1rias tentativas de melhorar a audi\u00eancia do V\u00eddeo Show, inclusive com mudan\u00e7as constantes de apresentadores ap\u00f3s a sa\u00edda da boa dupla Otaviano Costa e Monica Iozzi, o programa chegar\u00e1 ao fim na sexta, 11. A atra\u00e7\u00e3o estava h\u00e1 35 anos no ar, mostrando os bastidores das produ\u00e7\u00f5es da Globo.<\/span><\/p>\n<p style=\"text-align: justify;\"><span style=\"font-family: verdana, geneva, sans-serif;\">A informa\u00e7\u00e3o foi dada sem alardes pela emissora, no material distribu\u00eddo para imprensa com a programa\u00e7\u00e3o de janeiro.<\/span><\/p>\n<p style=\"text-align: justify;\"><span style=\"font-family: verdana, geneva, sans-serif;\">Com o fim do V\u00eddeo Show, a partir da pr\u00f3xima segunda, dia 14, a Sess\u00e3o da Tarde passa a ir ao ar mais cedo, \u00e0s 14h.<\/span><\/p>\n<p style=\"text-align: justify;\"><span style=\"font-family: verdana, geneva, sans-serif;\">Atualmente, o programa \u00e9 apresentado por Sophia Abra\u00e3o e Joaquim Lopes.<\/span><\/p>\n","protected":false},"excerpt":{"rendered":"<p>Ap&oacute;s v&aacute;rias tentativas de melhorar a audi&ecirc;ncia do V&iacute;deo Show, inclusive com mudan&ccedil;as constantes de apresentadores ap&oacute;s a sa&iacute;da da boa dupla Otaviano Costa e Monica Iozzi, o programa chegar&aacute; ao fim na sexta, 11. A atra&ccedil;&atilde;o estava h&aacute; 35 anos no ar, mostrando os bastidores das produ&ccedil;&otilde;es da Globo. A informa&ccedil;&atilde;o foi dada sem &#8230; <a title=\"Ap\u00f3s 35 anos no ar, Globo anuncia fim do V\u00eddeo Show\" class=\"read-more\" href=\"https:\/\/afogadosonline.com.br\/index.php\/2019\/01\/08\/apos-35-anos-no-ar-globo-anuncia-fim-do-video-show\/\" aria-label=\"Read more about Ap\u00f3s 35 anos no ar, Globo anuncia fim do V\u00eddeo Show\">Ler mais<\/a><\/p>\n","protected":false},"author":2,"featured_media":0,"comment_status":"open","ping_status":"open","sticky":false,"template":"","format":"standard","meta":{"footnotes":""},"categories":[2],"tags":[],"class_list":["post-5501","post","type-post","status-publish","format-standard","hentry","category-uncategorised"],"_links":{"self":[{"href":"https:\/\/afogadosonline.com.br\/index.php\/wp-json\/wp\/v2\/posts\/5501"}],"collection":[{"href":"https:\/\/afogadosonline.com.br\/index.php\/wp-json\/wp\/v2\/posts"}],"about":[{"href":"https:\/\/afogadosonline.com.br\/index.php\/wp-json\/wp\/v2\/types\/post"}],"author":[{"embeddable":true,"href":"https:\/\/afogadosonline.com.br\/index.php\/wp-json\/wp\/v2\/users\/2"}],"replies":[{"embeddable":true,"href":"https:\/\/afogadosonline.com.br\/index.php\/wp-json\/wp\/v2\/comments?post=5501"}],"version-history":[{"count":1,"href":"https:\/\/afogadosonline.com.br\/index.php\/wp-json\/wp\/v2\/posts\/5501\/revisions"}],"predecessor-version":[{"id":5502,"href":"https:\/\/afogadosonline.com.br\/index.php\/wp-json\/wp\/v2\/posts\/5501\/revisions\/5502"}],"wp:attachment":[{"href":"https:\/\/afogadosonline.com.br\/index.php\/wp-json\/wp\/v2\/media?parent=5501"}],"wp:term":[{"taxonomy":"category","embeddable":true,"href":"https:\/\/afogadosonline.com.br\/index.php\/wp-json\/wp\/v2\/categories?post=5501"},{"taxonomy":"post_tag","embeddable":true,"href":"https:\/\/afogadosonline.com.br\/index.php\/wp-json\/wp\/v2\/tags?post=5501"}],"curies":[{"name":"wp","href":"https:\/\/api.w.org\/{rel}","templated":true}]}}