{"id":5499,"date":"2019-01-08T22:00:38","date_gmt":"2019-01-09T01:00:38","guid":{"rendered":"http:\/\/afogadosonline.com.br\/wp\/?p=5499"},"modified":"2019-01-08T22:00:38","modified_gmt":"2019-01-09T01:00:38","slug":"presidente-deve-flexibilizar-posse-de-armas-ate-22-de-janeiro","status":"publish","type":"post","link":"https:\/\/afogadosonline.com.br\/index.php\/2019\/01\/08\/presidente-deve-flexibilizar-posse-de-armas-ate-22-de-janeiro\/","title":{"rendered":"Presidente deve flexibilizar posse de armas at\u00e9 22 de janeiro"},"content":{"rendered":"<p><img fetchpriority=\"high\" decoding=\"async\" class=\"aligncenter\" src=\"https:\/\/images.immedia.com.br\/\/26\/26676_2_EL.jpg?c=201901040819\" alt=\"Resultado de imagem para posse de armas\" width=\"491\" height=\"255\" \/><\/p>\n<p style=\"text-align: justify;\"><span style=\"font-family: verdana, geneva, sans-serif;\">Como a primeira medida de impacto de seu mandato, o presidente Jair Bolsonaro (PSL) pretende assinar nos pr\u00f3ximos dias decreto para permitir a posse de arma de fogo a todas as pessoas sem ficha criminal do pa\u00eds.<\/span><\/p>\n<p style=\"text-align: justify;\"><span style=\"font-family: verdana, geneva, sans-serif;\">A ideia \u00e9 que a medida seja colocada em vigor antes da participa\u00e7\u00e3o do presidente no F\u00f3rum Econ\u00f4mico Mundial, em Davos, que ocorrer\u00e1 entre os dias 22 e 25.<\/span><\/p>\n<p style=\"text-align: justify;\"><span style=\"font-family: verdana, geneva, sans-serif;\">&#8220;Ele deve implementar, com certeza, antes da viagem&#8221;, disse \u00e0 reportagem o vice-presidente Hamilton Mour\u00e3o.<\/span><\/p>\n","protected":false},"excerpt":{"rendered":"<p>Como a primeira medida de impacto de seu mandato, o presidente Jair Bolsonaro (PSL) pretende assinar nos pr&oacute;ximos dias decreto para permitir a posse de arma de fogo a todas as pessoas sem ficha criminal do pa&iacute;s. A ideia &eacute; que a medida seja colocada em vigor antes da participa&ccedil;&atilde;o do presidente no F&oacute;rum Econ&ocirc;mico &#8230; <a title=\"Presidente deve flexibilizar posse de armas at\u00e9 22 de janeiro\" class=\"read-more\" href=\"https:\/\/afogadosonline.com.br\/index.php\/2019\/01\/08\/presidente-deve-flexibilizar-posse-de-armas-ate-22-de-janeiro\/\" aria-label=\"Read more about Presidente deve flexibilizar posse de armas at\u00e9 22 de janeiro\">Ler mais<\/a><\/p>\n","protected":false},"author":2,"featured_media":0,"comment_status":"open","ping_status":"open","sticky":false,"template":"","format":"standard","meta":{"footnotes":""},"categories":[2],"tags":[],"class_list":["post-5499","post","type-post","status-publish","format-standard","hentry","category-uncategorised"],"_links":{"self":[{"href":"https:\/\/afogadosonline.com.br\/index.php\/wp-json\/wp\/v2\/posts\/5499"}],"collection":[{"href":"https:\/\/afogadosonline.com.br\/index.php\/wp-json\/wp\/v2\/posts"}],"about":[{"href":"https:\/\/afogadosonline.com.br\/index.php\/wp-json\/wp\/v2\/types\/post"}],"author":[{"embeddable":true,"href":"https:\/\/afogadosonline.com.br\/index.php\/wp-json\/wp\/v2\/users\/2"}],"replies":[{"embeddable":true,"href":"https:\/\/afogadosonline.com.br\/index.php\/wp-json\/wp\/v2\/comments?post=5499"}],"version-history":[{"count":1,"href":"https:\/\/afogadosonline.com.br\/index.php\/wp-json\/wp\/v2\/posts\/5499\/revisions"}],"predecessor-version":[{"id":5500,"href":"https:\/\/afogadosonline.com.br\/index.php\/wp-json\/wp\/v2\/posts\/5499\/revisions\/5500"}],"wp:attachment":[{"href":"https:\/\/afogadosonline.com.br\/index.php\/wp-json\/wp\/v2\/media?parent=5499"}],"wp:term":[{"taxonomy":"category","embeddable":true,"href":"https:\/\/afogadosonline.com.br\/index.php\/wp-json\/wp\/v2\/categories?post=5499"},{"taxonomy":"post_tag","embeddable":true,"href":"https:\/\/afogadosonline.com.br\/index.php\/wp-json\/wp\/v2\/tags?post=5499"}],"curies":[{"name":"wp","href":"https:\/\/api.w.org\/{rel}","templated":true}]}}