{"id":5491,"date":"2019-01-08T14:43:28","date_gmt":"2019-01-08T17:43:28","guid":{"rendered":"http:\/\/afogadosonline.com.br\/wp\/?p=5491"},"modified":"2019-01-08T14:43:28","modified_gmt":"2019-01-08T17:43:28","slug":"alepe-vai-gastar-r-18-milhao-para-editar-dois-livros-sobre-miguel-arraes","status":"publish","type":"post","link":"https:\/\/afogadosonline.com.br\/index.php\/2019\/01\/08\/alepe-vai-gastar-r-18-milhao-para-editar-dois-livros-sobre-miguel-arraes\/","title":{"rendered":"Alepe vai gastar R$ 1,8 milh\u00e3o para editar dois livros sobre Miguel Arraes"},"content":{"rendered":"<p><img fetchpriority=\"high\" decoding=\"async\" class=\"aligncenter\" src=\"https:\/\/imagens4.ne10.uol.com.br\/blogsne10\/jamildo\/uploads\/\/2016\/08\/Miguel-Arraes-Orlando-Brito-748x410.jpg\" alt=\"Foto: Orlando Brito\" width=\"491\" height=\"269\" \/><\/p>\n<p style=\"text-align: justify;\"><span style=\"font-family: verdana, geneva, sans-serif;\">Depois de cr\u00edticas p\u00fablicas e amea\u00e7as de embargo e processo por parte do advogado Ant\u00f4nio Campos, a Assembleia Legislativa de Pernambuco (Alepe) havia cancelado ou suspendido a dispensa de licita\u00e7\u00e3o para confec\u00e7\u00e3o de dois livros em homenagem ao ex-governador Miguel Arraes, do PSB. Ao custo de quase R$ 2 milh\u00f5es. As informa\u00e7\u00f5es s\u00e3o do blog do Jamildo.<\/span><\/p>\n<p style=\"text-align: justify;\"><span style=\"font-family: verdana, geneva, sans-serif;\">Na virada do ano, o Di\u00e1rio Oficial do Estado trouxe a volta do edital de dispensa.<\/span><\/p>\n<p style=\"text-align: justify;\"><span style=\"font-family: verdana, geneva, sans-serif;\">A primeira autoriza\u00e7\u00e3o dos gastos com essa finalidade por parte da Alepe ocorreu em 2016, mas esbarrou na resist\u00eancia do Instituto Miguel Arraes (IMA), coordenado pelo neto Ant\u00f4nio Campos.<\/span><\/p>\n<p style=\"text-align: justify;\"><span style=\"font-family: verdana, geneva, sans-serif;\">O neto do ex-governador informou ao blog que deu o aval em setembro do ano passado.<\/span><\/p>\n<p style=\"text-align: justify;\"><span style=\"font-family: verdana, geneva, sans-serif;\">\u201cO perfil parlamentar Miguel Arraes de Alencar, parlamentar de muitas lutas, obra objeto de uma s\u00e9rie de perfis parlamentares da Alepe, teve a n\u00e3o oposi\u00e7\u00e3o da publica\u00e7\u00e3o da obra pela Alepe, pelo Instituto Miguel Arraes, em setembro de 2018, desde que respeitadas as normas legais, restringindo-se a responsabilidade\/autoriza\u00e7\u00e3o do Instituto, unicamente, em liberar as imagens de Miguel Arraes, o que ficou registrado atrav\u00e9s de documento h\u00e1bil. Qualquer outro aspecto, deve ser indagado a Alepe\u201d, informou Ant\u00f4nio Campos, em nota.<\/span><\/p>\n<p style=\"text-align: justify;\"><span style=\"font-family: verdana, geneva, sans-serif;\">No ano passado, a Alepe havia informado que os valores seriam usados para a confec\u00e7\u00e3o de 8 mil livros em homenagem ao ex-governador Miguel Arraes, cujo centen\u00e1rio seria em 2017.<\/span><\/p>\n<p style=\"text-align: justify;\"><span style=\"font-family: verdana, geneva, sans-serif;\">Na \u00e9poca, o custo total informado era de R$ 1.786.000,00.<\/span><\/p>\n<p style=\"text-align: justify;\"><span style=\"font-family: verdana, geneva, sans-serif;\">A contratada sem licita\u00e7\u00e3o ser\u00e1 uma editora e gr\u00e1fica sediada em Olinda.<\/span><\/p>\n<p style=\"text-align: justify;\"><span style=\"font-family: verdana, geneva, sans-serif;\">No ano passado, o nome do pol\u00edtico local teve o nome inscrito no livro dos her\u00f3is da p\u00e1tria, em Bras\u00edlia.<\/span><\/p>\n","protected":false},"excerpt":{"rendered":"<p>Depois de cr&iacute;ticas p&uacute;blicas e amea&ccedil;as de embargo e processo por parte do advogado Ant&ocirc;nio Campos, a Assembleia Legislativa de Pernambuco (Alepe) havia cancelado ou suspendido a dispensa de licita&ccedil;&atilde;o para confec&ccedil;&atilde;o de dois livros em homenagem ao ex-governador Miguel Arraes, do PSB. Ao custo de quase R$ 2 milh&otilde;es. As informa&ccedil;&otilde;es s&atilde;o do blog &#8230; <a title=\"Alepe vai gastar R$ 1,8 milh\u00e3o para editar dois livros sobre Miguel Arraes\" class=\"read-more\" href=\"https:\/\/afogadosonline.com.br\/index.php\/2019\/01\/08\/alepe-vai-gastar-r-18-milhao-para-editar-dois-livros-sobre-miguel-arraes\/\" aria-label=\"Read more about Alepe vai gastar R$ 1,8 milh\u00e3o para editar dois livros sobre Miguel Arraes\">Ler mais<\/a><\/p>\n","protected":false},"author":2,"featured_media":0,"comment_status":"open","ping_status":"open","sticky":false,"template":"","format":"standard","meta":{"footnotes":""},"categories":[2],"tags":[],"class_list":["post-5491","post","type-post","status-publish","format-standard","hentry","category-uncategorised"],"_links":{"self":[{"href":"https:\/\/afogadosonline.com.br\/index.php\/wp-json\/wp\/v2\/posts\/5491"}],"collection":[{"href":"https:\/\/afogadosonline.com.br\/index.php\/wp-json\/wp\/v2\/posts"}],"about":[{"href":"https:\/\/afogadosonline.com.br\/index.php\/wp-json\/wp\/v2\/types\/post"}],"author":[{"embeddable":true,"href":"https:\/\/afogadosonline.com.br\/index.php\/wp-json\/wp\/v2\/users\/2"}],"replies":[{"embeddable":true,"href":"https:\/\/afogadosonline.com.br\/index.php\/wp-json\/wp\/v2\/comments?post=5491"}],"version-history":[{"count":1,"href":"https:\/\/afogadosonline.com.br\/index.php\/wp-json\/wp\/v2\/posts\/5491\/revisions"}],"predecessor-version":[{"id":5492,"href":"https:\/\/afogadosonline.com.br\/index.php\/wp-json\/wp\/v2\/posts\/5491\/revisions\/5492"}],"wp:attachment":[{"href":"https:\/\/afogadosonline.com.br\/index.php\/wp-json\/wp\/v2\/media?parent=5491"}],"wp:term":[{"taxonomy":"category","embeddable":true,"href":"https:\/\/afogadosonline.com.br\/index.php\/wp-json\/wp\/v2\/categories?post=5491"},{"taxonomy":"post_tag","embeddable":true,"href":"https:\/\/afogadosonline.com.br\/index.php\/wp-json\/wp\/v2\/tags?post=5491"}],"curies":[{"name":"wp","href":"https:\/\/api.w.org\/{rel}","templated":true}]}}