{"id":5460,"date":"2019-01-06T20:39:55","date_gmt":"2019-01-06T23:39:55","guid":{"rendered":"http:\/\/afogadosonline.com.br\/wp\/?p=5460"},"modified":"2019-01-06T20:39:55","modified_gmt":"2019-01-06T23:39:55","slug":"senado-deve-contrariar-stf-e-manter-votacao-secreta","status":"publish","type":"post","link":"https:\/\/afogadosonline.com.br\/index.php\/2019\/01\/06\/senado-deve-contrariar-stf-e-manter-votacao-secreta\/","title":{"rendered":"Senado deve contrariar STF e manter vota\u00e7\u00e3o secreta"},"content":{"rendered":"<p><img decoding=\"async\" class=\"aligncenter\" src=\"https:\/\/p2.trrsf.com\/image\/fget\/cf\/460\/0\/images.terra.com\/2018\/09\/18\/renan-calheiros.jpg\" alt=\"O senador Renan Calheiros, prov\u00e1vel maior beneficiado caso a elei\u00e7\u00e3o para presidente do Senado seja secreta\" \/><\/p>\n<p style=\"text-align: justify;\"><span style=\"font-family: verdana, geneva, sans-serif;\">O comando do Senado deve manter a elei\u00e7\u00e3o secreta para a presid\u00eancia da Casa, em fevereiro, mesmo depois de o ministro Marco Aur\u00e9lio Mello, do Supremo Tribunal Federal (STF), determinar que o voto seja aberto. A decis\u00e3o liminar (provis\u00f3ria) do ministro, tomada na v\u00e9spera do recesso do Judici\u00e1rio, enfraquece a candidatura de Renan Calheiros (MDB-AL). O senador aparece at\u00e9 agora com mais chances de vencer, por\u00e9m \u00e9 considerado um nome hostil ao governo Jair Bolsonaro.<\/span><\/p>\n<p style=\"text-align: justify;\"><span style=\"font-family: verdana, geneva, sans-serif;\">O Estad\u00e3o\/Broadcast apurou que, como forma de evitar uma disputa entre Poderes, o Senado decidiu n\u00e3o recorrer da liminar de Marco Aur\u00e9lio, mas tamb\u00e9m n\u00e3o pretende, at\u00e9 o momento, cumpri-la.<\/span><\/p>\n<p style=\"text-align: justify;\"><span style=\"font-family: verdana, geneva, sans-serif;\">Procurado para falar sobre o assunto, o ministro do Supremo considerou a posi\u00e7\u00e3o da Casa um &#8220;teste&#8221; para a democracia. &#8220;Vamos ver (como ser\u00e1 a elei\u00e7\u00e3o), \u00e9 um teste para sabermos como est\u00e1 a nossa democracia. A partir do momento em que se descumpre uma ordem do Supremo Tribunal Federal, tudo vale. Vira uma bagun\u00e7a total&#8221;, afirmou o ministro.<\/span><\/p>\n","protected":false},"excerpt":{"rendered":"<p>O comando do Senado deve manter a elei&ccedil;&atilde;o secreta para a presid&ecirc;ncia da Casa, em fevereiro, mesmo depois de o ministro Marco Aur&eacute;lio Mello, do Supremo Tribunal Federal (STF), determinar que o voto seja aberto. A decis&atilde;o liminar (provis&oacute;ria) do ministro, tomada na v&eacute;spera do recesso do Judici&aacute;rio, enfraquece a candidatura de Renan Calheiros (MDB-AL). &#8230; <a title=\"Senado deve contrariar STF e manter vota\u00e7\u00e3o secreta\" class=\"read-more\" href=\"https:\/\/afogadosonline.com.br\/index.php\/2019\/01\/06\/senado-deve-contrariar-stf-e-manter-votacao-secreta\/\" aria-label=\"Read more about Senado deve contrariar STF e manter vota\u00e7\u00e3o secreta\">Ler mais<\/a><\/p>\n","protected":false},"author":2,"featured_media":0,"comment_status":"open","ping_status":"open","sticky":false,"template":"","format":"standard","meta":{"footnotes":""},"categories":[2],"tags":[],"class_list":["post-5460","post","type-post","status-publish","format-standard","hentry","category-uncategorised"],"_links":{"self":[{"href":"https:\/\/afogadosonline.com.br\/index.php\/wp-json\/wp\/v2\/posts\/5460"}],"collection":[{"href":"https:\/\/afogadosonline.com.br\/index.php\/wp-json\/wp\/v2\/posts"}],"about":[{"href":"https:\/\/afogadosonline.com.br\/index.php\/wp-json\/wp\/v2\/types\/post"}],"author":[{"embeddable":true,"href":"https:\/\/afogadosonline.com.br\/index.php\/wp-json\/wp\/v2\/users\/2"}],"replies":[{"embeddable":true,"href":"https:\/\/afogadosonline.com.br\/index.php\/wp-json\/wp\/v2\/comments?post=5460"}],"version-history":[{"count":1,"href":"https:\/\/afogadosonline.com.br\/index.php\/wp-json\/wp\/v2\/posts\/5460\/revisions"}],"predecessor-version":[{"id":5461,"href":"https:\/\/afogadosonline.com.br\/index.php\/wp-json\/wp\/v2\/posts\/5460\/revisions\/5461"}],"wp:attachment":[{"href":"https:\/\/afogadosonline.com.br\/index.php\/wp-json\/wp\/v2\/media?parent=5460"}],"wp:term":[{"taxonomy":"category","embeddable":true,"href":"https:\/\/afogadosonline.com.br\/index.php\/wp-json\/wp\/v2\/categories?post=5460"},{"taxonomy":"post_tag","embeddable":true,"href":"https:\/\/afogadosonline.com.br\/index.php\/wp-json\/wp\/v2\/tags?post=5460"}],"curies":[{"name":"wp","href":"https:\/\/api.w.org\/{rel}","templated":true}]}}