{"id":5458,"date":"2019-01-06T10:39:20","date_gmt":"2019-01-06T13:39:20","guid":{"rendered":"http:\/\/afogadosonline.com.br\/wp\/?p=5458"},"modified":"2019-01-06T10:39:20","modified_gmt":"2019-01-06T13:39:20","slug":"secretario-de-defesa-social-de-pernambuco-antonio-de-padua-expulsa-dois-policiais-militares","status":"publish","type":"post","link":"https:\/\/afogadosonline.com.br\/index.php\/2019\/01\/06\/secretario-de-defesa-social-de-pernambuco-antonio-de-padua-expulsa-dois-policiais-militares\/","title":{"rendered":"Secret\u00e1rio de Defesa Social de Pernambuco, Ant\u00f4nio de P\u00e1dua, expulsa dois policiais militares"},"content":{"rendered":"<p><img fetchpriority=\"high\" decoding=\"async\" class=\"aligncenter\" src=\"http:\/\/radioculturadonordeste.com.br\/wp-content\/uploads\/2018\/01\/2-antonio-de-padua-sds.jpg\" alt=\"Resultado de imagem para antonio de padua sds pe\" width=\"490\" height=\"299\" \/><\/p>\n<p style=\"text-align: justify;\"><span style=\"font-family: verdana, geneva, sans-serif;\">O secret\u00e1rio de Defesa Social, Ant\u00f4nio de P\u00e1dua, decidiu expulsar dos quadros da Pol\u00edcia Militar de Pernambuco, neste s\u00e1bado (5), dois policiais miliares por envolvimentos, respectivamente, em mil\u00edcia e porte ilegal de arma de fogo em sua resid\u00eancia (16 armas todo). Segundo texto publicado no Diario Oficial, o primeiro envolvido, que ter\u00e1 o nome preservado nesta mat\u00e9ria porque n\u00e3o foi localizado, teria desobedecido ao oficial de Opera\u00e7\u00f5es do 24\u00b0 Batalh\u00e3o no dia 16 de janeiro de 2017, durante e execu\u00e7\u00e3o de servi\u00e7o, bem como \u00e9 acusado integrar um grupo de mil\u00edcia, sendo suspeito da pr\u00e1tica de v\u00e1rios crimes, conforme investiga\u00e7\u00e3o da Pol\u00edcia Civil, delineada na \u201cOpera\u00e7\u00e3o Hostes\u201d.<\/span><\/p>\n<p style=\"text-align: justify;\"><span style=\"font-family: verdana, geneva, sans-serif;\">O suspeito encontra-se submetido ao processo-crime n\u00ba 0002160-90.2017.8.17.1250, da Vara Criminal da Comarca de Santa Cruz do CapibaribePE, assim como, ao processo-crime n\u00ba 0003279-16.2018.8.17.0001, da Vara da Justi\u00e7a Militar do Estado.<\/span><\/p>\n<p style=\"text-align: justify;\"><span style=\"font-family: verdana, geneva, sans-serif;\">O texto do Diario Oficial diz o seguinte: \u201cap\u00f3s a instru\u00e7\u00e3o dos autos, vislumbrou-se que a conduta de integrar grupo de mil\u00edcia carece de mais averigua\u00e7\u00e3o, cuja continuidade da apura\u00e7\u00e3o j\u00e1 se encontra a cargo da 8\u00aa CPDPM\/CD, tendo em vista a submiss\u00e3o do aconselhado e de outros policiais militares ao Conselho de Disciplina n\u00ba 1167\/2018, pela referida acusa\u00e7\u00e3o\u201d.<\/span><\/p>\n<p style=\"text-align: justify;\"><span style=\"font-family: verdana, geneva, sans-serif;\">Em outro trecho, \u201cconsiderando que encetadas as dilig\u00eancias no presente processo administrativo disciplinar militar, mediante ampla defesa e contradit\u00f3rio, chegou-se a conclus\u00e3o de que o aconselhado, al\u00e9m da conduta tipificado no crime de recusa de obedi\u00eancia prevista na exordial, tamb\u00e9m \u00e9 culpado de haver, em concurso com outro indiv\u00edduo identificado nos autos, numa a\u00e7\u00e3o clara de mil\u00edcia, exigido de v\u00edtima de subtra\u00e7\u00e3o de uma camioneta S10, o valor de R$ 12 mil\u201d. O documento oficial ainda acrescenta. \u201cPara recuperar tal ve\u00edculo; bem como, ter praticado viol\u00eancia psicol\u00f3gica, com demais integrantes do GATI, em face de pessoas que eles prendiam, chegou-se a conclus\u00e3o de que cada uma das acusa\u00e7\u00f5es acima especificadas, de forma individualizada, j\u00e1 seria suficiente para revelar que o aconselhado defenestrou a honra pessoal, o pundonor militar e o decoro da classe, raz\u00e3o pela qual, o mesmo foi considerado incapaz de permanecer integrando as fileiras da Corpora\u00e7\u00e3o\u201d.<\/span><\/p>\n<p style=\"text-align: justify;\"><span style=\"font-family: verdana, geneva, sans-serif;\">Outro policial militar tamb\u00e9m foi, que tamb\u00e9m ter\u00e1 o nome preservado por enquanto, tamb\u00e9m foi expulso porque, em mar\u00e7o de 2016, durante o cumprimento de mandados de busca e apreens\u00e3o na Opera\u00e7\u00e3o \u201cArreios da Lei\u201d, foram apreendidas 16 (dezesseis) armas de fogo, bem como muni\u00e7\u00f5es, no interior da sua resid\u00eancia do aconselhado, motivo pelo qual foi autuado em flagrante delito. \u201cConsiderando que o aconselhado foi denunciado nos autos da A\u00e7\u00e3o Penal n\u00ba 0002382-74.2016.8.17.0480, que tramitou perante a 3\u00aa Vara criminal da Comarca de Caruaru \u2013 PE, onde o militar foi condenado \u00e0 pena de 5 (cinco) anos de reclus\u00e3o, por infra\u00e7\u00e3o ao art. 12 da Lei 10.826\/03 (posse ilegal de arma de fogo); que, pelo exposto, o militar deliberadamente feriu os preceitos \u00e9ticos impostos aos militares do Estado, demonstrando n\u00e3o possuir condi\u00e7\u00f5es \u00e9ticas de permanecer integrando a PMPE\u201d.<\/span><\/p>\n","protected":false},"excerpt":{"rendered":"<p>O secret&aacute;rio de Defesa Social, Ant&ocirc;nio de P&aacute;dua, decidiu expulsar dos quadros da Pol&iacute;cia Militar de Pernambuco, neste s&aacute;bado (5), dois policiais miliares por envolvimentos, respectivamente, em mil&iacute;cia e porte ilegal de arma de fogo em sua resid&ecirc;ncia (16 armas todo). Segundo texto publicado no Diario Oficial, o primeiro envolvido, que ter&aacute; o nome preservado &#8230; <a title=\"Secret\u00e1rio de Defesa Social de Pernambuco, Ant\u00f4nio de P\u00e1dua, expulsa dois policiais militares\" class=\"read-more\" href=\"https:\/\/afogadosonline.com.br\/index.php\/2019\/01\/06\/secretario-de-defesa-social-de-pernambuco-antonio-de-padua-expulsa-dois-policiais-militares\/\" aria-label=\"Read more about Secret\u00e1rio de Defesa Social de Pernambuco, Ant\u00f4nio de P\u00e1dua, expulsa dois policiais militares\">Ler mais<\/a><\/p>\n","protected":false},"author":2,"featured_media":0,"comment_status":"open","ping_status":"open","sticky":false,"template":"","format":"standard","meta":{"footnotes":""},"categories":[2],"tags":[],"class_list":["post-5458","post","type-post","status-publish","format-standard","hentry","category-uncategorised"],"_links":{"self":[{"href":"https:\/\/afogadosonline.com.br\/index.php\/wp-json\/wp\/v2\/posts\/5458"}],"collection":[{"href":"https:\/\/afogadosonline.com.br\/index.php\/wp-json\/wp\/v2\/posts"}],"about":[{"href":"https:\/\/afogadosonline.com.br\/index.php\/wp-json\/wp\/v2\/types\/post"}],"author":[{"embeddable":true,"href":"https:\/\/afogadosonline.com.br\/index.php\/wp-json\/wp\/v2\/users\/2"}],"replies":[{"embeddable":true,"href":"https:\/\/afogadosonline.com.br\/index.php\/wp-json\/wp\/v2\/comments?post=5458"}],"version-history":[{"count":1,"href":"https:\/\/afogadosonline.com.br\/index.php\/wp-json\/wp\/v2\/posts\/5458\/revisions"}],"predecessor-version":[{"id":5459,"href":"https:\/\/afogadosonline.com.br\/index.php\/wp-json\/wp\/v2\/posts\/5458\/revisions\/5459"}],"wp:attachment":[{"href":"https:\/\/afogadosonline.com.br\/index.php\/wp-json\/wp\/v2\/media?parent=5458"}],"wp:term":[{"taxonomy":"category","embeddable":true,"href":"https:\/\/afogadosonline.com.br\/index.php\/wp-json\/wp\/v2\/categories?post=5458"},{"taxonomy":"post_tag","embeddable":true,"href":"https:\/\/afogadosonline.com.br\/index.php\/wp-json\/wp\/v2\/tags?post=5458"}],"curies":[{"name":"wp","href":"https:\/\/api.w.org\/{rel}","templated":true}]}}