{"id":5454,"date":"2019-01-04T22:58:43","date_gmt":"2019-01-05T01:58:43","guid":{"rendered":"http:\/\/afogadosonline.com.br\/wp\/?p=5454"},"modified":"2019-01-04T22:58:43","modified_gmt":"2019-01-05T01:58:43","slug":"deputados-suplentes-assumem-mandato-nas-ferias-com-verba-reajustada","status":"publish","type":"post","link":"https:\/\/afogadosonline.com.br\/index.php\/2019\/01\/04\/deputados-suplentes-assumem-mandato-nas-ferias-com-verba-reajustada\/","title":{"rendered":"Deputados suplentes assumem mandato nas f\u00e9rias, com verba reajustada"},"content":{"rendered":"<p><img fetchpriority=\"high\" decoding=\"async\" class=\"aligncenter\" src=\"http:\/\/erivan.com.br\/wp-content\/uploads\/2017\/09\/qua.sem-acordo.jpg\" alt=\"Resultado de imagem para congresso vazio\" width=\"489\" height=\"250\" \/><\/p>\n<p style=\"text-align: justify;\"><span style=\"font-family: verdana, geneva, sans-serif;\">Aproveitando a ida de deputados federais para cargos nos governos federal e dos estados, um pelot\u00e3o de 12 suplentes tomou posse nos \u00faltimos dias para cumprir um mandato de apenas um m\u00eas \u2014at\u00e9 31 de janeiro\u2014, em plenas f\u00e9rias parlamentares.<\/span><\/p>\n<p style=\"text-align: justify;\"><span style=\"font-family: verdana, geneva, sans-serif;\">Apesar de n\u00e3o haver praticamente nenhuma atividade no Congresso nesse per\u00edodo, todos ter\u00e3o direito \u00e0 maior parte dos benef\u00edcios do cargo.<\/span><\/p>\n<p style=\"text-align: justify;\"><span style=\"font-family: verdana, geneva, sans-serif;\">Entre as verbas est\u00e1 o sal\u00e1rio de R$ 33,7 mil, cot\u00e3o para atividades parlamentares (que varia de R$ 30,8 mil a R$ 45,6 mil) e uma verba para contratar at\u00e9 25 assessores que teve o seu valor reajustado agora, em janeiro, passando de R$ 106,8 mil para R$ 111,7 mil ao m\u00eas.<\/span><\/p>\n<p style=\"text-align: justify;\"><span style=\"font-family: verdana, geneva, sans-serif;\">O Congresso entrou oficialmente em recesso no dia 23 de dezembro e s\u00f3 volta \u00e0s suas atividades em 1\u00ba de fevereiro.<\/span><\/p>\n<p style=\"text-align: justify;\"><span style=\"font-family: verdana, geneva, sans-serif;\">Nesta sexta-feira (4), por exemplo, apenas 1 dos 513 deputados apareceu na C\u00e2mara.<\/span><\/p>\n<p style=\"text-align: justify;\"><span style=\"font-family: verdana, geneva, sans-serif;\">Dos 12 suplentes que assumiram as vagas que se abriram nos \u00faltimos dias, sete nunca foram deputados federais na vida.<\/span><\/p>\n","protected":false},"excerpt":{"rendered":"<p>Aproveitando a ida de deputados federais para cargos nos governos federal e dos estados, um pelot&atilde;o de 12 suplentes tomou posse nos &uacute;ltimos dias para cumprir um mandato de apenas um m&ecirc;s &mdash;at&eacute; 31 de janeiro&mdash;, em plenas f&eacute;rias parlamentares. Apesar de n&atilde;o haver praticamente nenhuma atividade no Congresso nesse per&iacute;odo, todos ter&atilde;o direito &agrave; &#8230; <a title=\"Deputados suplentes assumem mandato nas f\u00e9rias, com verba reajustada\" class=\"read-more\" href=\"https:\/\/afogadosonline.com.br\/index.php\/2019\/01\/04\/deputados-suplentes-assumem-mandato-nas-ferias-com-verba-reajustada\/\" aria-label=\"Read more about Deputados suplentes assumem mandato nas f\u00e9rias, com verba reajustada\">Ler mais<\/a><\/p>\n","protected":false},"author":2,"featured_media":0,"comment_status":"open","ping_status":"open","sticky":false,"template":"","format":"standard","meta":{"footnotes":""},"categories":[2],"tags":[],"class_list":["post-5454","post","type-post","status-publish","format-standard","hentry","category-uncategorised"],"_links":{"self":[{"href":"https:\/\/afogadosonline.com.br\/index.php\/wp-json\/wp\/v2\/posts\/5454"}],"collection":[{"href":"https:\/\/afogadosonline.com.br\/index.php\/wp-json\/wp\/v2\/posts"}],"about":[{"href":"https:\/\/afogadosonline.com.br\/index.php\/wp-json\/wp\/v2\/types\/post"}],"author":[{"embeddable":true,"href":"https:\/\/afogadosonline.com.br\/index.php\/wp-json\/wp\/v2\/users\/2"}],"replies":[{"embeddable":true,"href":"https:\/\/afogadosonline.com.br\/index.php\/wp-json\/wp\/v2\/comments?post=5454"}],"version-history":[{"count":1,"href":"https:\/\/afogadosonline.com.br\/index.php\/wp-json\/wp\/v2\/posts\/5454\/revisions"}],"predecessor-version":[{"id":5455,"href":"https:\/\/afogadosonline.com.br\/index.php\/wp-json\/wp\/v2\/posts\/5454\/revisions\/5455"}],"wp:attachment":[{"href":"https:\/\/afogadosonline.com.br\/index.php\/wp-json\/wp\/v2\/media?parent=5454"}],"wp:term":[{"taxonomy":"category","embeddable":true,"href":"https:\/\/afogadosonline.com.br\/index.php\/wp-json\/wp\/v2\/categories?post=5454"},{"taxonomy":"post_tag","embeddable":true,"href":"https:\/\/afogadosonline.com.br\/index.php\/wp-json\/wp\/v2\/tags?post=5454"}],"curies":[{"name":"wp","href":"https:\/\/api.w.org\/{rel}","templated":true}]}}