{"id":5440,"date":"2019-01-04T15:45:25","date_gmt":"2019-01-04T18:45:25","guid":{"rendered":"http:\/\/afogadosonline.com.br\/wp\/?p=5440"},"modified":"2019-01-04T15:45:25","modified_gmt":"2019-01-04T18:45:25","slug":"bolsonaro-sobre-decreto-das-armas-sai-em-janeiro-com-toda-a-certeza","status":"publish","type":"post","link":"https:\/\/afogadosonline.com.br\/index.php\/2019\/01\/04\/bolsonaro-sobre-decreto-das-armas-sai-em-janeiro-com-toda-a-certeza\/","title":{"rendered":"Bolsonaro sobre decreto das armas: &#8216;sai em janeiro com toda a certeza&#8217;"},"content":{"rendered":"<p><img fetchpriority=\"high\" decoding=\"async\" class=\"aligncenter\" src=\"https:\/\/images.immedia.com.br\/\/26\/26676_2_EL.jpg?c=201901040819\" alt=\"Resultado de imagem para decreto das armas\" width=\"491\" height=\"255\" \/><\/p>\n<p style=\"text-align: justify;\"><span style=\"font-family: verdana, geneva, sans-serif;\">O presidente Jair Bolsonaro afirmou na noite desta quinta-feira (3), em entrevista exibida pelo SBT, que o decreto para facilitar a posse de armas no Pa\u00eds deve sair j\u00e1 em janeiro e deixar\u00e1 mais clara a defini\u00e7\u00e3o de &#8220;efetiva necessidade&#8221;, necess\u00e1ria para a libera\u00e7\u00e3o. Segundo ele, uma das ideias na mesa \u00e9 que, em Estados em que o n\u00famero de \u00f3bitos por 100 mil habitantes por armas de fogo seja igual ou superior a 10, o uso seja liberado. Tamb\u00e9m poderiam ter acesso \u00e0 posse os homens do campo.<\/span><\/p>\n<p style=\"text-align: justify;\"><span style=\"font-family: verdana, geneva, sans-serif;\">&#8220;Uma das ideias, isso sai em janeiro com toda certeza, (\u00e9 que) nos Estados em que o n\u00famero de \u00f3bitos por 100 mil habitantes por armas de fogo seja igual ou superior a 10, essa comprova\u00e7\u00e3o de efetiva necessidade \u00e9 fato superado. Vai poder comprar arma de fogo. Homem do campo, vai poder tamb\u00e9m&#8221;, disse o presidente da Rep\u00fablica.<\/span><\/p>\n<p style=\"text-align: justify;\"><span style=\"font-family: verdana, geneva, sans-serif;\">Ele afirmou que o decreto est\u00e1 sendo constru\u00eddo juntamente ao ministro da Justi\u00e7a, S\u00e9rgio Moro, e vai tamb\u00e9m aumentar o limite de armas por pessoa de duas para quatro quando se tratar de agente de seguran\u00e7a. Ele tamb\u00e9m disse que pretende flexibilizar o porte.<\/span><\/p>\n<p style=\"text-align: justify;\"><span style=\"font-family: verdana, geneva, sans-serif;\">&#8220;Devemos botar na lei, buscar aprova\u00e7\u00e3o, que em leg\u00edtima defesa da vida pr\u00f3pria e de outrem, do patrim\u00f4nio pr\u00f3prio ou de outrem, voc\u00ea estar\u00e1 no poder excludente de licitude. Pode atirar, se elemento morrer, voc\u00ea responde, mas n\u00e3o tem puni\u00e7\u00e3o. Pode ter certeza de que a viol\u00eancia cai assustadoramente no Brasil&#8221;, disse.<\/span><\/p>\n","protected":false},"excerpt":{"rendered":"<p>O presidente Jair Bolsonaro afirmou na noite desta quinta-feira (3), em entrevista exibida pelo SBT, que o decreto para facilitar a posse de armas no Pa&iacute;s deve sair j&aacute; em janeiro e deixar&aacute; mais clara a defini&ccedil;&atilde;o de &ldquo;efetiva necessidade&rdquo;, necess&aacute;ria para a libera&ccedil;&atilde;o. Segundo ele, uma das ideias na mesa &eacute; que, em Estados &#8230; <a title=\"Bolsonaro sobre decreto das armas: &#8216;sai em janeiro com toda a certeza&#8217;\" class=\"read-more\" href=\"https:\/\/afogadosonline.com.br\/index.php\/2019\/01\/04\/bolsonaro-sobre-decreto-das-armas-sai-em-janeiro-com-toda-a-certeza\/\" aria-label=\"Read more about Bolsonaro sobre decreto das armas: &#8216;sai em janeiro com toda a certeza&#8217;\">Ler mais<\/a><\/p>\n","protected":false},"author":2,"featured_media":0,"comment_status":"open","ping_status":"open","sticky":false,"template":"","format":"standard","meta":{"footnotes":""},"categories":[2],"tags":[],"class_list":["post-5440","post","type-post","status-publish","format-standard","hentry","category-uncategorised"],"_links":{"self":[{"href":"https:\/\/afogadosonline.com.br\/index.php\/wp-json\/wp\/v2\/posts\/5440"}],"collection":[{"href":"https:\/\/afogadosonline.com.br\/index.php\/wp-json\/wp\/v2\/posts"}],"about":[{"href":"https:\/\/afogadosonline.com.br\/index.php\/wp-json\/wp\/v2\/types\/post"}],"author":[{"embeddable":true,"href":"https:\/\/afogadosonline.com.br\/index.php\/wp-json\/wp\/v2\/users\/2"}],"replies":[{"embeddable":true,"href":"https:\/\/afogadosonline.com.br\/index.php\/wp-json\/wp\/v2\/comments?post=5440"}],"version-history":[{"count":1,"href":"https:\/\/afogadosonline.com.br\/index.php\/wp-json\/wp\/v2\/posts\/5440\/revisions"}],"predecessor-version":[{"id":5441,"href":"https:\/\/afogadosonline.com.br\/index.php\/wp-json\/wp\/v2\/posts\/5440\/revisions\/5441"}],"wp:attachment":[{"href":"https:\/\/afogadosonline.com.br\/index.php\/wp-json\/wp\/v2\/media?parent=5440"}],"wp:term":[{"taxonomy":"category","embeddable":true,"href":"https:\/\/afogadosonline.com.br\/index.php\/wp-json\/wp\/v2\/categories?post=5440"},{"taxonomy":"post_tag","embeddable":true,"href":"https:\/\/afogadosonline.com.br\/index.php\/wp-json\/wp\/v2\/tags?post=5440"}],"curies":[{"name":"wp","href":"https:\/\/api.w.org\/{rel}","templated":true}]}}