{"id":5435,"date":"2019-01-04T06:38:40","date_gmt":"2019-01-04T09:38:40","guid":{"rendered":"http:\/\/afogadosonline.com.br\/wp\/?p=5435"},"modified":"2019-01-03T22:40:22","modified_gmt":"2019-01-04T01:40:22","slug":"bolsonaro-vai-propor-idade-minima-de-62-para-homens-e-57-para-mulheres-se-aposentarem","status":"publish","type":"post","link":"https:\/\/afogadosonline.com.br\/index.php\/2019\/01\/04\/bolsonaro-vai-propor-idade-minima-de-62-para-homens-e-57-para-mulheres-se-aposentarem\/","title":{"rendered":"Bolsonaro vai propor idade m\u00ednima de 62 para homens e 57 para mulheres se aposentarem"},"content":{"rendered":"<p><img fetchpriority=\"high\" decoding=\"async\" class=\"aligncenter\" src=\"https:\/\/jconlineimagem.ne10.uol.com.br\/imagem\/noticia\/2019\/01\/03\/normal\/fb88ced3a6f1993bd46bb518ace3b177.jpg\" alt=\"O presidente ainda afirmou que caberia ao futuro presidente reavaliar a situa\u00e7\u00e3o e analisar um poss\u00edvel novo aumento da idade m\u00ednima \/ Foto: Reprodu\u00e7\u00e3o\/SBT\/Youtube\" width=\"490\" height=\"269\" \/><\/p>\n<p style=\"text-align: justify;\"><span style=\"font-family: verdana, geneva, sans-serif;\">O presidente Jair Bolsonaro afirmou nesta quinta-feira (3), em entrevista ao SBT, que pretende aproveitar parte do texto da reforma da Previd\u00eancia do antigo governo, que j\u00e1 est\u00e1 pronta para vota\u00e7\u00e3o na C\u00e2mara. Segundo ele, no entanto, a atual gest\u00e3o vai &#8220;rever alguma coisa&#8221;. Ele ressaltou que quer construir um texto vi\u00e1vel e destacou que pretende aprovar uma idade m\u00ednima (para aposentadorias) de 62 anos para homens e 57 anos para mulheres, com um per\u00edodo de transi\u00e7\u00e3o.<\/span><\/p>\n<p style=\"text-align: justify;\"><span style=\"font-family: verdana, geneva, sans-serif;\">&#8220;O que pretendemos fazer \u00e9 botar num plano da reforma da Previd\u00eancia um corte at\u00e9 o fim de 2022. A\u00ed seria aumentar para 62 (anos) para homens e 57 (anos) para mulheres. Mas n\u00e3o de uma vez s\u00f3. Um ano a partir da promulga\u00e7\u00e3o e outro a partir de 2022&#8221;, disse.<\/span><\/p>\n","protected":false},"excerpt":{"rendered":"<p>O presidente Jair Bolsonaro afirmou nesta quinta-feira (3), em entrevista ao SBT, que pretende aproveitar parte do texto da reforma da Previd&ecirc;ncia do antigo governo, que j&aacute; est&aacute; pronta para vota&ccedil;&atilde;o na C&acirc;mara. Segundo ele, no entanto, a atual gest&atilde;o vai &ldquo;rever alguma coisa&rdquo;. Ele ressaltou que quer construir um texto vi&aacute;vel e destacou que &#8230; <a title=\"Bolsonaro vai propor idade m\u00ednima de 62 para homens e 57 para mulheres se aposentarem\" class=\"read-more\" href=\"https:\/\/afogadosonline.com.br\/index.php\/2019\/01\/04\/bolsonaro-vai-propor-idade-minima-de-62-para-homens-e-57-para-mulheres-se-aposentarem\/\" aria-label=\"Read more about Bolsonaro vai propor idade m\u00ednima de 62 para homens e 57 para mulheres se aposentarem\">Ler mais<\/a><\/p>\n","protected":false},"author":2,"featured_media":0,"comment_status":"open","ping_status":"open","sticky":false,"template":"","format":"standard","meta":{"footnotes":""},"categories":[2],"tags":[],"class_list":["post-5435","post","type-post","status-publish","format-standard","hentry","category-uncategorised"],"_links":{"self":[{"href":"https:\/\/afogadosonline.com.br\/index.php\/wp-json\/wp\/v2\/posts\/5435"}],"collection":[{"href":"https:\/\/afogadosonline.com.br\/index.php\/wp-json\/wp\/v2\/posts"}],"about":[{"href":"https:\/\/afogadosonline.com.br\/index.php\/wp-json\/wp\/v2\/types\/post"}],"author":[{"embeddable":true,"href":"https:\/\/afogadosonline.com.br\/index.php\/wp-json\/wp\/v2\/users\/2"}],"replies":[{"embeddable":true,"href":"https:\/\/afogadosonline.com.br\/index.php\/wp-json\/wp\/v2\/comments?post=5435"}],"version-history":[{"count":1,"href":"https:\/\/afogadosonline.com.br\/index.php\/wp-json\/wp\/v2\/posts\/5435\/revisions"}],"predecessor-version":[{"id":5436,"href":"https:\/\/afogadosonline.com.br\/index.php\/wp-json\/wp\/v2\/posts\/5435\/revisions\/5436"}],"wp:attachment":[{"href":"https:\/\/afogadosonline.com.br\/index.php\/wp-json\/wp\/v2\/media?parent=5435"}],"wp:term":[{"taxonomy":"category","embeddable":true,"href":"https:\/\/afogadosonline.com.br\/index.php\/wp-json\/wp\/v2\/categories?post=5435"},{"taxonomy":"post_tag","embeddable":true,"href":"https:\/\/afogadosonline.com.br\/index.php\/wp-json\/wp\/v2\/tags?post=5435"}],"curies":[{"name":"wp","href":"https:\/\/api.w.org\/{rel}","templated":true}]}}