{"id":5429,"date":"2019-01-04T05:09:10","date_gmt":"2019-01-04T08:09:10","guid":{"rendered":"http:\/\/afogadosonline.com.br\/wp\/?p=5429"},"modified":"2019-01-03T21:11:52","modified_gmt":"2019-01-04T00:11:52","slug":"ta-na-cara-que-tem-coisa-errada-ai-diz-bolsonaro-sobre-movimentacoes-do-governo-temer","status":"publish","type":"post","link":"https:\/\/afogadosonline.com.br\/index.php\/2019\/01\/04\/ta-na-cara-que-tem-coisa-errada-ai-diz-bolsonaro-sobre-movimentacoes-do-governo-temer\/","title":{"rendered":"&#8216;T\u00e1 na cara que tem coisa errada a\u00ed&#8217;, diz Bolsonaro sobre movimenta\u00e7\u00f5es do governo Temer"},"content":{"rendered":"<p><img fetchpriority=\"high\" decoding=\"async\" class=\"aligncenter\" src=\"https:\/\/www.folhape.com.br\/obj\/4\/309704,475,80,0,0,475,365,0,0,0,0.jpg\" alt=\"Ex-presidente Michel Temer passa a faixa presidencial para Jair Bolsonaro\" width=\"468\" height=\"360\" \/><\/p>\n<p style=\"text-align: justify;\"><span style=\"font-family: verdana, geneva, sans-serif;\">O presidente Jair Bolsonaro (PSL) disse nesta quinta-feira (3) que o pente fino que passa no governo de seu antecessor, Michel Temer (MDB), pode ser justificado pois &#8220;t\u00e1 na cara que tem muita coisa errada&#8221;.<\/span><\/p>\n<p style=\"text-align: justify;\"><span style=\"font-family: verdana, geneva, sans-serif;\">O ministro-chefe da Casa Civil, Onyx Lorenzoni, havia afirmado mais cedo que o novo governo identificou &#8220;uma movimenta\u00e7\u00e3o incomum de exonera\u00e7\u00f5es e nomea\u00e7\u00f5es e recursos destinados a minist\u00e9rios&#8221; nos \u00faltimos suspiros da gest\u00e3o anterior.<\/span><\/p>\n<p style=\"text-align: justify;\"><span style=\"font-family: verdana, geneva, sans-serif;\">Bolsonaro elencou algumas iniciativas que levantaram desconfian\u00e7a de sua equipe em sua primeira entrevista ap\u00f3s assumir o Pal\u00e1cio do Planalto, concedida ao SBT, <\/span><br \/>\n<span style=\"font-family: verdana, geneva, sans-serif;\">uma das emissoras exaltadas pelo p\u00fablico que assistiu \u00e0 sua posse.<\/span><\/p>\n<p style=\"text-align: justify;\"><span style=\"font-family: verdana, geneva, sans-serif;\">Uma delas: o desenvolvimento de uma criptomoeda ind\u00edgena, parceria entre a Funai (Funda\u00e7\u00e3o Nacional do \u00cdndio) e a UFF (Universidade Federal Fluminense) -j\u00e1 suspenso pela ministra de Mulher, Fam\u00edlia e Direitos Humanos, Damares Alves. O projeto custaria em torno de R$ 44 milh\u00f5es.<\/span><\/p>\n<p style=\"text-align: justify;\"><span style=\"font-family: verdana, geneva, sans-serif;\">Ele tamb\u00e9m p\u00f4s a Lei Rouanet sob sua mira ao citar um projeto promovido pela estatal Furnas &#8220;para duas corridas em comunidades pacificadas&#8221; no Rio, uma delas sendo o morro do Borel.<\/span><\/p>\n<p style=\"text-align: justify;\"><span style=\"font-family: verdana, geneva, sans-serif;\">&#8220;Se n\u00e3o me engano&#8221;, disse Bolsonaro, para justificar a inadequa\u00e7\u00e3o da proposta, as ruas de l\u00e1 t\u00eam &#8220;uma inclina\u00e7\u00e3o de 60 graus&#8221;. Fora que o valor seria alto demais (R$ 100 mil por corrida). &#8220;T\u00e1 errado uma coisa a\u00ed.&#8221;<\/span><\/p>\n","protected":false},"excerpt":{"rendered":"<p>O presidente Jair Bolsonaro (PSL) disse nesta quinta-feira (3) que o pente fino que passa no governo de seu antecessor, Michel Temer (MDB), pode ser justificado pois &ldquo;t&aacute; na cara que tem muita coisa errada&rdquo;. O ministro-chefe da Casa Civil, Onyx Lorenzoni, havia afirmado mais cedo que o novo governo identificou &ldquo;uma movimenta&ccedil;&atilde;o incomum de &#8230; <a title=\"&#8216;T\u00e1 na cara que tem coisa errada a\u00ed&#8217;, diz Bolsonaro sobre movimenta\u00e7\u00f5es do governo Temer\" class=\"read-more\" href=\"https:\/\/afogadosonline.com.br\/index.php\/2019\/01\/04\/ta-na-cara-que-tem-coisa-errada-ai-diz-bolsonaro-sobre-movimentacoes-do-governo-temer\/\" aria-label=\"Read more about &#8216;T\u00e1 na cara que tem coisa errada a\u00ed&#8217;, diz Bolsonaro sobre movimenta\u00e7\u00f5es do governo Temer\">Ler mais<\/a><\/p>\n","protected":false},"author":2,"featured_media":0,"comment_status":"open","ping_status":"open","sticky":false,"template":"","format":"standard","meta":{"footnotes":""},"categories":[2],"tags":[],"class_list":["post-5429","post","type-post","status-publish","format-standard","hentry","category-uncategorised"],"_links":{"self":[{"href":"https:\/\/afogadosonline.com.br\/index.php\/wp-json\/wp\/v2\/posts\/5429"}],"collection":[{"href":"https:\/\/afogadosonline.com.br\/index.php\/wp-json\/wp\/v2\/posts"}],"about":[{"href":"https:\/\/afogadosonline.com.br\/index.php\/wp-json\/wp\/v2\/types\/post"}],"author":[{"embeddable":true,"href":"https:\/\/afogadosonline.com.br\/index.php\/wp-json\/wp\/v2\/users\/2"}],"replies":[{"embeddable":true,"href":"https:\/\/afogadosonline.com.br\/index.php\/wp-json\/wp\/v2\/comments?post=5429"}],"version-history":[{"count":1,"href":"https:\/\/afogadosonline.com.br\/index.php\/wp-json\/wp\/v2\/posts\/5429\/revisions"}],"predecessor-version":[{"id":5430,"href":"https:\/\/afogadosonline.com.br\/index.php\/wp-json\/wp\/v2\/posts\/5429\/revisions\/5430"}],"wp:attachment":[{"href":"https:\/\/afogadosonline.com.br\/index.php\/wp-json\/wp\/v2\/media?parent=5429"}],"wp:term":[{"taxonomy":"category","embeddable":true,"href":"https:\/\/afogadosonline.com.br\/index.php\/wp-json\/wp\/v2\/categories?post=5429"},{"taxonomy":"post_tag","embeddable":true,"href":"https:\/\/afogadosonline.com.br\/index.php\/wp-json\/wp\/v2\/tags?post=5429"}],"curies":[{"name":"wp","href":"https:\/\/api.w.org\/{rel}","templated":true}]}}