{"id":5395,"date":"2019-01-02T16:20:39","date_gmt":"2019-01-02T19:20:39","guid":{"rendered":"http:\/\/afogadosonline.com.br\/wp\/?p=5395"},"modified":"2019-01-02T16:20:39","modified_gmt":"2019-01-02T19:20:39","slug":"cada-um-de-nos-se-torne-instrumento-da-paz-que-o-senhor-tras-disse-dom-egidio-no-encerramento-da-festa-do-padroeiro-de-afogados","status":"publish","type":"post","link":"https:\/\/afogadosonline.com.br\/index.php\/2019\/01\/02\/cada-um-de-nos-se-torne-instrumento-da-paz-que-o-senhor-tras-disse-dom-egidio-no-encerramento-da-festa-do-padroeiro-de-afogados\/","title":{"rendered":"Cada um de n\u00f3s se torne instrumento da paz que o Senhor tr\u00e1s, disse dom Egidio no encerramento da festa do padroeiro de Afogados"},"content":{"rendered":"<p><img fetchpriority=\"high\" decoding=\"async\" class=\"aligncenter\" src=\"http:\/\/dioceseafogadosdaingazeira.com.br\/portal\/images\/Afogados\/Bom_Jesus_dos_Remedios\/2019%201.jpeg\" width=\"490\" height=\"326\" \/><\/p>\n<p style=\"text-align: justify;\"><span style=\"font-family: verdana, geneva, sans-serif;\">Terminou na tarde\/noite desta ter\u00e7a (1), a 189\u00aa Festa em honra ao Padroeiro de Afogados da Ingazeira, Bom Jesus dos Rem\u00e9dios. Uma grande multid\u00e3o acompanhou a prociss\u00e3o pelas ruas do centro da cidade, retornando para a Catedral onde aconteceu a concelebra\u00e7\u00e3o presidida pelo bispo, dom Egidio Bisol, e concelebrada por v\u00e1rios padres da diocese.<\/span><\/p>\n<p><img decoding=\"async\" class=\"aligncenter\" src=\"http:\/\/dioceseafogadosdaingazeira.com.br\/portal\/images\/Afogados\/Bom_Jesus_dos_Remedios\/2019%203.jpeg\" width=\"490\" height=\"309\" \/><\/p>\n<p style=\"text-align: justify;\"><span style=\"font-family: verdana, geneva, sans-serif;\">O bispo, em sua homilia, disse imaginar o porqu\u00ea dos antepassados terem escolhido o nome do \u2018Senhor Bom Jesus dos Rem\u00e9dios\u2019 para ser o padroeiro. Para ele, j\u00e1 sentiam muitas coisas que n\u00f3s, nos dias atuais j\u00e1 sentimos, como a nossa fragilidade, a nossa fraqueza e, os nossos pecados. \u201cEu acho que escolhendo esse t\u00edtulo Senhor Bom Jesus dos Rem\u00e9dios, eles queriam expressar a pr\u00f3pria f\u00e9, o primeiro lugar onde devemos procurar rem\u00e9dio bom e eficaz \u00e9 Ele. Ele n\u00e3o de qualquer jeito, mas Ele em um momento em que revela da forma mais plena o seu amor dando a Sua pr\u00f3pria vida\u201d, disse dom Egidio.<\/span><\/p>\n<p><img decoding=\"async\" class=\"aligncenter\" src=\"http:\/\/dioceseafogadosdaingazeira.com.br\/portal\/images\/Afogados\/Bom_Jesus_dos_Remedios\/2019%204.jpeg\" width=\"490\" height=\"301\" \/><\/p>\n<p style=\"text-align: justify;\"><span style=\"font-family: verdana, geneva, sans-serif;\">Para concluir, o bispo falou da paz, j\u00e1 que o primeiro dia do ano \u00e9 o Dia Mundial da Paz, e disse que n\u00e3o podemos ter uma atitude de destrui\u00e7\u00e3o e que a paz no mundo todo exige entre v\u00e1rios fatores, respeito ao meio ambiente, cuidado com as coisas e com a casa comum. \u201cVamos pedir hoje ao Senhor Bom Jesus dos Rem\u00e9dios, rem\u00e9dios para que possamos viver realmente nessa paz consigo mesmo, com o outro e com a cria\u00e7\u00e3o. De tal forma que como cantava S\u00e3o Francisco, cada um de n\u00f3s se torne cada vez mais instrumento da paz que o Senhor tr\u00e1s. Que o Senhor Bom Jesus dos Rem\u00e9dios nos ajude nesta tarefa\u201d, conclui o bispo.<\/span><\/p>\n","protected":false},"excerpt":{"rendered":"<p>Terminou na tarde\/noite desta ter&ccedil;a (1), a 189&ordf; Festa em honra ao Padroeiro de Afogados da Ingazeira, Bom Jesus dos Rem&eacute;dios. Uma grande multid&atilde;o acompanhou a prociss&atilde;o pelas ruas do centro da cidade, retornando para a Catedral onde aconteceu a concelebra&ccedil;&atilde;o presidida pelo bispo, dom Egidio Bisol, e concelebrada por v&aacute;rios padres da diocese. O &#8230; <a title=\"Cada um de n\u00f3s se torne instrumento da paz que o Senhor tr\u00e1s, disse dom Egidio no encerramento da festa do padroeiro de Afogados\" class=\"read-more\" href=\"https:\/\/afogadosonline.com.br\/index.php\/2019\/01\/02\/cada-um-de-nos-se-torne-instrumento-da-paz-que-o-senhor-tras-disse-dom-egidio-no-encerramento-da-festa-do-padroeiro-de-afogados\/\" aria-label=\"Read more about Cada um de n\u00f3s se torne instrumento da paz que o Senhor tr\u00e1s, disse dom Egidio no encerramento da festa do padroeiro de Afogados\">Ler mais<\/a><\/p>\n","protected":false},"author":2,"featured_media":0,"comment_status":"open","ping_status":"open","sticky":false,"template":"","format":"standard","meta":{"footnotes":""},"categories":[2],"tags":[],"class_list":["post-5395","post","type-post","status-publish","format-standard","hentry","category-uncategorised"],"_links":{"self":[{"href":"https:\/\/afogadosonline.com.br\/index.php\/wp-json\/wp\/v2\/posts\/5395"}],"collection":[{"href":"https:\/\/afogadosonline.com.br\/index.php\/wp-json\/wp\/v2\/posts"}],"about":[{"href":"https:\/\/afogadosonline.com.br\/index.php\/wp-json\/wp\/v2\/types\/post"}],"author":[{"embeddable":true,"href":"https:\/\/afogadosonline.com.br\/index.php\/wp-json\/wp\/v2\/users\/2"}],"replies":[{"embeddable":true,"href":"https:\/\/afogadosonline.com.br\/index.php\/wp-json\/wp\/v2\/comments?post=5395"}],"version-history":[{"count":1,"href":"https:\/\/afogadosonline.com.br\/index.php\/wp-json\/wp\/v2\/posts\/5395\/revisions"}],"predecessor-version":[{"id":5396,"href":"https:\/\/afogadosonline.com.br\/index.php\/wp-json\/wp\/v2\/posts\/5395\/revisions\/5396"}],"wp:attachment":[{"href":"https:\/\/afogadosonline.com.br\/index.php\/wp-json\/wp\/v2\/media?parent=5395"}],"wp:term":[{"taxonomy":"category","embeddable":true,"href":"https:\/\/afogadosonline.com.br\/index.php\/wp-json\/wp\/v2\/categories?post=5395"},{"taxonomy":"post_tag","embeddable":true,"href":"https:\/\/afogadosonline.com.br\/index.php\/wp-json\/wp\/v2\/tags?post=5395"}],"curies":[{"name":"wp","href":"https:\/\/api.w.org\/{rel}","templated":true}]}}