{"id":5391,"date":"2019-01-02T09:35:15","date_gmt":"2019-01-02T12:35:15","guid":{"rendered":"http:\/\/afogadosonline.com.br\/wp\/?p=5391"},"modified":"2019-01-02T09:35:15","modified_gmt":"2019-01-02T12:35:15","slug":"morre-o-fotografo-pernambucano-cafi","status":"publish","type":"post","link":"https:\/\/afogadosonline.com.br\/index.php\/2019\/01\/02\/morre-o-fotografo-pernambucano-cafi\/","title":{"rendered":"Morre o fot\u00f3grafo pernambucano Cafi"},"content":{"rendered":"<p><img fetchpriority=\"high\" decoding=\"async\" class=\"aligncenter\" src=\"http:\/\/imgsapp.diariodepernambuco.com.br\/app\/noticia_127983242361\/2019\/01\/01\/772614\/20190101154543327223i.jpg\" alt=\"FOTO: Facebook \/ Reprodu\u00c3\u00a7\u00c3\u00a3o (FOTO: Facebook \/ Reprodu\u00c3\u00a7\u00c3\u00a3o)\" width=\"480\" height=\"320\" \/><\/p>\n<p style=\"text-align: justify;\"><span style=\"font-family: verdana, geneva, sans-serif;\">Faleceu na madrugada desta ter\u00e7a-feira (01), aos 68 anos, no Rio de Janeiro, o pernambucano Carlos da Silva Assun\u00e7\u00e3o Filho, mais conhecido como Cafi. Respons\u00e1vel por produzir mais de 300 capas de capas de discos da MPB, o fot\u00f3grafo e tamb\u00e9m artista pl\u00e1stico sofreu um infarto durante a virada de ano no Arpoador. Ele chegou a ser socorrido e levado ao Hospital Miguel Couto, mas n\u00e3o resistiu.<\/span><\/p>\n<p style=\"text-align: justify;\"><span style=\"font-family: verdana, geneva, sans-serif;\">Natural do Recife, o pernambucano se especializou em pintura e gravura na Escolinha de Arte do Brasil. Quando adolescente, logo ap\u00f3s se mudar para o Rio, come\u00e7ou a pintar cenas do Nordeste. O gosto pela fotografia se deu ap\u00f3s ele ganhar das irm\u00e3s uma c\u00e2mera, a fim de fazer registros dos seus quadros. Entre os trabalhos realizados pelo pernambucano, destacam-se tanto artistas quanto grupos. Por exemplo, Alceu Valen\u00e7a, Jards Macal\u00e9, Sarah Vaughan, Chico Buarque, Milton Nascimento, entre outros.<\/span><\/p>\n","protected":false},"excerpt":{"rendered":"<p>Faleceu na madrugada desta ter&ccedil;a-feira (01), aos 68 anos, no Rio de Janeiro, o pernambucano Carlos da Silva Assun&ccedil;&atilde;o Filho, mais conhecido como Cafi. Respons&aacute;vel por produzir mais de 300 capas de capas de discos da MPB, o fot&oacute;grafo e tamb&eacute;m artista pl&aacute;stico sofreu um infarto durante a virada de ano no Arpoador. Ele chegou &#8230; <a title=\"Morre o fot\u00f3grafo pernambucano Cafi\" class=\"read-more\" href=\"https:\/\/afogadosonline.com.br\/index.php\/2019\/01\/02\/morre-o-fotografo-pernambucano-cafi\/\" aria-label=\"Read more about Morre o fot\u00f3grafo pernambucano Cafi\">Ler mais<\/a><\/p>\n","protected":false},"author":2,"featured_media":0,"comment_status":"open","ping_status":"open","sticky":false,"template":"","format":"standard","meta":{"footnotes":""},"categories":[2],"tags":[],"class_list":["post-5391","post","type-post","status-publish","format-standard","hentry","category-uncategorised"],"_links":{"self":[{"href":"https:\/\/afogadosonline.com.br\/index.php\/wp-json\/wp\/v2\/posts\/5391"}],"collection":[{"href":"https:\/\/afogadosonline.com.br\/index.php\/wp-json\/wp\/v2\/posts"}],"about":[{"href":"https:\/\/afogadosonline.com.br\/index.php\/wp-json\/wp\/v2\/types\/post"}],"author":[{"embeddable":true,"href":"https:\/\/afogadosonline.com.br\/index.php\/wp-json\/wp\/v2\/users\/2"}],"replies":[{"embeddable":true,"href":"https:\/\/afogadosonline.com.br\/index.php\/wp-json\/wp\/v2\/comments?post=5391"}],"version-history":[{"count":1,"href":"https:\/\/afogadosonline.com.br\/index.php\/wp-json\/wp\/v2\/posts\/5391\/revisions"}],"predecessor-version":[{"id":5392,"href":"https:\/\/afogadosonline.com.br\/index.php\/wp-json\/wp\/v2\/posts\/5391\/revisions\/5392"}],"wp:attachment":[{"href":"https:\/\/afogadosonline.com.br\/index.php\/wp-json\/wp\/v2\/media?parent=5391"}],"wp:term":[{"taxonomy":"category","embeddable":true,"href":"https:\/\/afogadosonline.com.br\/index.php\/wp-json\/wp\/v2\/categories?post=5391"},{"taxonomy":"post_tag","embeddable":true,"href":"https:\/\/afogadosonline.com.br\/index.php\/wp-json\/wp\/v2\/tags?post=5391"}],"curies":[{"name":"wp","href":"https:\/\/api.w.org\/{rel}","templated":true}]}}