{"id":5389,"date":"2019-01-02T08:39:40","date_gmt":"2019-01-02T11:39:40","guid":{"rendered":"http:\/\/afogadosonline.com.br\/wp\/?p=5389"},"modified":"2019-01-02T08:39:40","modified_gmt":"2019-01-02T11:39:40","slug":"papa-faz-alerta-a-novos-governantes-e-critica-proliferacao-das-armas","status":"publish","type":"post","link":"https:\/\/afogadosonline.com.br\/index.php\/2019\/01\/02\/papa-faz-alerta-a-novos-governantes-e-critica-proliferacao-das-armas\/","title":{"rendered":"Papa faz alerta a novos governantes e critica &#8216;prolifera\u00e7\u00e3o das armas&#8217;"},"content":{"rendered":"<p><img fetchpriority=\"high\" decoding=\"async\" class=\"aligncenter\" src=\"http:\/\/imgsapp.diariodepernambuco.com.br\/app\/noticia_127983242361\/2019\/01\/01\/772625\/20190101184250348585a.jpg\" alt=\"Foto: Arquivo\/AFP\" width=\"481\" height=\"275\" \/><\/p>\n<p style=\"text-align: justify;\"><span style=\"font-family: verdana, geneva, sans-serif;\">Com alertas a novos governantes, o papa Francisco afirmou, em mensagem publicada no primeiro dia do ano, que a pol\u00edtica pode tornar-se meio de destrui\u00e7\u00e3o e criticou propostas de &#8220;prolifera\u00e7\u00e3o descontrolada das armas&#8221; no mundo.<\/span><\/p>\n<p style=\"text-align: justify;\"><span style=\"font-family: verdana, geneva, sans-serif;\">A mensagem do pont\u00edfice foi escrita no m\u00eas passado e publicada oficialmente nesta ter\u00e7a-feira, 1\u00ba, pelo Vaticano, dia em que Jair Bolsonaro tomou posse como presidente do Brasil. Na semana passada, Bolsonaro prometeu facilitar a posse de armas de fogo no Pa\u00eds a cidad\u00e3os sem antecedentes criminais.<\/span><\/p>\n<p style=\"text-align: justify;\"><span style=\"font-family: verdana, geneva, sans-serif;\">&#8220;Manter o outro sob amea\u00e7a significa reduzi-lo ao estado de objeto e negar a sua dignidade. Por esta raz\u00e3o, reiteramos que a escalada em termos de intimida\u00e7\u00e3o, bem como a prolifera\u00e7\u00e3o descontrolada das armas s\u00e3o contr\u00e1rias \u00e0 moral e \u00e0 busca duma verdadeira conc\u00f3rdia&#8221;, diz o papa na mensagem para o chamado Dia Mundial da Paz.<\/span><\/p>\n","protected":false},"excerpt":{"rendered":"<p>Com alertas a novos governantes, o papa Francisco afirmou, em mensagem publicada no primeiro dia do ano, que a pol&iacute;tica pode tornar-se meio de destrui&ccedil;&atilde;o e criticou propostas de &ldquo;prolifera&ccedil;&atilde;o descontrolada das armas&rdquo; no mundo. A mensagem do pont&iacute;fice foi escrita no m&ecirc;s passado e publicada oficialmente nesta ter&ccedil;a-feira, 1&ordm;, pelo Vaticano, dia em que &#8230; <a title=\"Papa faz alerta a novos governantes e critica &#8216;prolifera\u00e7\u00e3o das armas&#8217;\" class=\"read-more\" href=\"https:\/\/afogadosonline.com.br\/index.php\/2019\/01\/02\/papa-faz-alerta-a-novos-governantes-e-critica-proliferacao-das-armas\/\" aria-label=\"Read more about Papa faz alerta a novos governantes e critica &#8216;prolifera\u00e7\u00e3o das armas&#8217;\">Ler mais<\/a><\/p>\n","protected":false},"author":2,"featured_media":0,"comment_status":"open","ping_status":"open","sticky":false,"template":"","format":"standard","meta":{"footnotes":""},"categories":[2],"tags":[],"class_list":["post-5389","post","type-post","status-publish","format-standard","hentry","category-uncategorised"],"_links":{"self":[{"href":"https:\/\/afogadosonline.com.br\/index.php\/wp-json\/wp\/v2\/posts\/5389"}],"collection":[{"href":"https:\/\/afogadosonline.com.br\/index.php\/wp-json\/wp\/v2\/posts"}],"about":[{"href":"https:\/\/afogadosonline.com.br\/index.php\/wp-json\/wp\/v2\/types\/post"}],"author":[{"embeddable":true,"href":"https:\/\/afogadosonline.com.br\/index.php\/wp-json\/wp\/v2\/users\/2"}],"replies":[{"embeddable":true,"href":"https:\/\/afogadosonline.com.br\/index.php\/wp-json\/wp\/v2\/comments?post=5389"}],"version-history":[{"count":1,"href":"https:\/\/afogadosonline.com.br\/index.php\/wp-json\/wp\/v2\/posts\/5389\/revisions"}],"predecessor-version":[{"id":5390,"href":"https:\/\/afogadosonline.com.br\/index.php\/wp-json\/wp\/v2\/posts\/5389\/revisions\/5390"}],"wp:attachment":[{"href":"https:\/\/afogadosonline.com.br\/index.php\/wp-json\/wp\/v2\/media?parent=5389"}],"wp:term":[{"taxonomy":"category","embeddable":true,"href":"https:\/\/afogadosonline.com.br\/index.php\/wp-json\/wp\/v2\/categories?post=5389"},{"taxonomy":"post_tag","embeddable":true,"href":"https:\/\/afogadosonline.com.br\/index.php\/wp-json\/wp\/v2\/tags?post=5389"}],"curies":[{"name":"wp","href":"https:\/\/api.w.org\/{rel}","templated":true}]}}