{"id":5387,"date":"2019-01-02T08:21:48","date_gmt":"2019-01-02T11:21:48","guid":{"rendered":"http:\/\/afogadosonline.com.br\/wp\/?p=5387"},"modified":"2019-01-02T16:59:29","modified_gmt":"2019-01-02T19:59:29","slug":"paulo-camara-toma-posse-de-segundo-mandato-como-governador","status":"publish","type":"post","link":"https:\/\/afogadosonline.com.br\/index.php\/2019\/01\/02\/paulo-camara-toma-posse-de-segundo-mandato-como-governador\/","title":{"rendered":"Paulo C\u00e2mara toma posse de segundo mandato como governador"},"content":{"rendered":"<p><img fetchpriority=\"high\" decoding=\"async\" class=\"aligncenter\" src=\"https:\/\/imagens.ne10.uol.com.br\/img\/imagens\/2019\/01\/01\/883373a066_paulo-home.jpg\" alt=\"Resultado de imagem para paulo camara toma posse\" width=\"491\" height=\"269\" \/><\/p>\n<p style=\"text-align: justify;\"><span style=\"font-family: verdana, geneva, sans-serif;\">O governador de Pernambuco, Paulo C\u00e2mara (PSB), tomou posse na tarde desta ter\u00e7a-feira, 1\u00ba, de seu segundo mandato \u00e0 frente do Estado, em cerim\u00f4nia que est\u00e1 sendo realizada na Assembleia Legislativa de Pernambuco. C\u00e2mara est\u00e1 acompanhado de sua vice-governadora, Luciana Santos (PCdoB). O prefeito Geraldo Julio (PSB) \u00e9 um dos pol\u00edticos presentes na cerim\u00f4nia.<\/span><\/p>\n<p style=\"text-align: justify;\"><span style=\"font-family: verdana, geneva, sans-serif;\">&#8220;N\u00f3s temos que come\u00e7ar a ver a melhoria nos servi\u00e7os p\u00falicos. Seja na sa\u00fade, seguran\u00e7a ou educa\u00e7\u00e3o. Buscar incansavelmente a gera\u00e7\u00e3o de emprego. A gente sabe que o desafio de governar Pernambuco \u00e9 ter ainda um pa\u00eds em crise. No primeiro ato, vamos dar posse aos secret\u00e1rios amanh\u00e3 para come\u00e7ar a unifica\u00e7\u00e3o das a\u00e7\u00f5es em todas as secret\u00e1rias em favor da sociedade. Todas as secret\u00e1rias v\u00e3o dar sua contribui\u00e7\u00e3o para melhorar os servi\u00e7os e gerar empregos focando em um 2019 onde as coisas possam acontecer de maneira mais r\u00e1pida e a popula\u00e7\u00e3o tenha os servi\u00e7os entregues e de melhor qualidade&#8221;, afirmou o governador ap\u00f3s a posse.<\/span><\/p>\n","protected":false},"excerpt":{"rendered":"<p>O governador de Pernambuco, Paulo C&acirc;mara (PSB), tomou posse na tarde desta ter&ccedil;a-feira, 1&ordm;, de seu segundo mandato &agrave; frente do Estado, em cerim&ocirc;nia que est&aacute; sendo realizada na Assembleia Legislativa de Pernambuco. C&acirc;mara est&aacute; acompanhado de sua vice-governadora, Luciana Santos (PCdoB). O prefeito Geraldo Julio (PSB) &eacute; um dos pol&iacute;ticos presentes na cerim&ocirc;nia. &ldquo;N&oacute;s &#8230; <a title=\"Paulo C\u00e2mara toma posse de segundo mandato como governador\" class=\"read-more\" href=\"https:\/\/afogadosonline.com.br\/index.php\/2019\/01\/02\/paulo-camara-toma-posse-de-segundo-mandato-como-governador\/\" aria-label=\"Read more about Paulo C\u00e2mara toma posse de segundo mandato como governador\">Ler mais<\/a><\/p>\n","protected":false},"author":2,"featured_media":0,"comment_status":"open","ping_status":"open","sticky":false,"template":"","format":"standard","meta":{"footnotes":""},"categories":[2],"tags":[],"class_list":["post-5387","post","type-post","status-publish","format-standard","hentry","category-uncategorised"],"_links":{"self":[{"href":"https:\/\/afogadosonline.com.br\/index.php\/wp-json\/wp\/v2\/posts\/5387"}],"collection":[{"href":"https:\/\/afogadosonline.com.br\/index.php\/wp-json\/wp\/v2\/posts"}],"about":[{"href":"https:\/\/afogadosonline.com.br\/index.php\/wp-json\/wp\/v2\/types\/post"}],"author":[{"embeddable":true,"href":"https:\/\/afogadosonline.com.br\/index.php\/wp-json\/wp\/v2\/users\/2"}],"replies":[{"embeddable":true,"href":"https:\/\/afogadosonline.com.br\/index.php\/wp-json\/wp\/v2\/comments?post=5387"}],"version-history":[{"count":2,"href":"https:\/\/afogadosonline.com.br\/index.php\/wp-json\/wp\/v2\/posts\/5387\/revisions"}],"predecessor-version":[{"id":5400,"href":"https:\/\/afogadosonline.com.br\/index.php\/wp-json\/wp\/v2\/posts\/5387\/revisions\/5400"}],"wp:attachment":[{"href":"https:\/\/afogadosonline.com.br\/index.php\/wp-json\/wp\/v2\/media?parent=5387"}],"wp:term":[{"taxonomy":"category","embeddable":true,"href":"https:\/\/afogadosonline.com.br\/index.php\/wp-json\/wp\/v2\/categories?post=5387"},{"taxonomy":"post_tag","embeddable":true,"href":"https:\/\/afogadosonline.com.br\/index.php\/wp-json\/wp\/v2\/tags?post=5387"}],"curies":[{"name":"wp","href":"https:\/\/api.w.org\/{rel}","templated":true}]}}