{"id":5385,"date":"2019-01-02T08:02:43","date_gmt":"2019-01-02T11:02:43","guid":{"rendered":"http:\/\/afogadosonline.com.br\/wp\/?p=5385"},"modified":"2019-01-02T08:02:43","modified_gmt":"2019-01-02T11:02:43","slug":"bolsonaro-editara-decreto-com-minimo-em-r-998-diz-casa-civil","status":"publish","type":"post","link":"https:\/\/afogadosonline.com.br\/index.php\/2019\/01\/02\/bolsonaro-editara-decreto-com-minimo-em-r-998-diz-casa-civil\/","title":{"rendered":"Bolsonaro editar\u00e1 decreto com m\u00ednimo em R$ 998, diz Casa Civil"},"content":{"rendered":"<p><img fetchpriority=\"high\" decoding=\"async\" class=\"aligncenter\" src=\"https:\/\/pis2019.com.br\/wp-content\/uploads\/2018\/10\/salario-minimo-2019.jpg\" alt=\"Resultado de imagem para salario minimo 2019\" width=\"473\" height=\"249\" \/><\/p>\n<p style=\"text-align: justify;\"><span style=\"font-family: verdana, geneva, sans-serif;\">O presidente Jair Bolsonaro assinar\u00e1 o decreto fixando o sal\u00e1rio m\u00ednimo em R$ 998, informou o futuro subchefe de Assuntos Jur\u00eddicos da Casa Civil, Jorge Ant\u00f4nio de Oliveira Francisco.<\/span><\/p>\n<p style=\"text-align: justify;\"><span style=\"font-family: verdana, geneva, sans-serif;\">Em dezembro, o Broadcast antecipou que o valor do sal\u00e1rio m\u00ednimo ficaria abaixo dos R$ 1.006 aprovados no Or\u00e7amento deste ano. Isso porque o reajuste segue f\u00f3rmula que considera a infla\u00e7\u00e3o que, nos \u00faltimos meses, veio abaixo do esperado. O sal\u00e1rio m\u00ednimo hoje \u00e9 de R$ 954. Pela regra, o valor \u00e9 reajustado pela infla\u00e7\u00e3o medida pelo INPC, mais o crescimento do PIB de dois anos anteriores &#8211; foi de 1% em 2017.<\/span><\/p>\n","protected":false},"excerpt":{"rendered":"<p>O presidente Jair Bolsonaro assinar&aacute; o decreto fixando o sal&aacute;rio m&iacute;nimo em R$ 998, informou o futuro subchefe de Assuntos Jur&iacute;dicos da Casa Civil, Jorge Ant&ocirc;nio de Oliveira Francisco. Em dezembro, o Broadcast antecipou que o valor do sal&aacute;rio m&iacute;nimo ficaria abaixo dos R$ 1.006 aprovados no Or&ccedil;amento deste ano. Isso porque o reajuste segue &#8230; <a title=\"Bolsonaro editar\u00e1 decreto com m\u00ednimo em R$ 998, diz Casa Civil\" class=\"read-more\" href=\"https:\/\/afogadosonline.com.br\/index.php\/2019\/01\/02\/bolsonaro-editara-decreto-com-minimo-em-r-998-diz-casa-civil\/\" aria-label=\"Read more about Bolsonaro editar\u00e1 decreto com m\u00ednimo em R$ 998, diz Casa Civil\">Ler mais<\/a><\/p>\n","protected":false},"author":2,"featured_media":0,"comment_status":"open","ping_status":"open","sticky":false,"template":"","format":"standard","meta":{"footnotes":""},"categories":[2],"tags":[],"class_list":["post-5385","post","type-post","status-publish","format-standard","hentry","category-uncategorised"],"_links":{"self":[{"href":"https:\/\/afogadosonline.com.br\/index.php\/wp-json\/wp\/v2\/posts\/5385"}],"collection":[{"href":"https:\/\/afogadosonline.com.br\/index.php\/wp-json\/wp\/v2\/posts"}],"about":[{"href":"https:\/\/afogadosonline.com.br\/index.php\/wp-json\/wp\/v2\/types\/post"}],"author":[{"embeddable":true,"href":"https:\/\/afogadosonline.com.br\/index.php\/wp-json\/wp\/v2\/users\/2"}],"replies":[{"embeddable":true,"href":"https:\/\/afogadosonline.com.br\/index.php\/wp-json\/wp\/v2\/comments?post=5385"}],"version-history":[{"count":1,"href":"https:\/\/afogadosonline.com.br\/index.php\/wp-json\/wp\/v2\/posts\/5385\/revisions"}],"predecessor-version":[{"id":5386,"href":"https:\/\/afogadosonline.com.br\/index.php\/wp-json\/wp\/v2\/posts\/5385\/revisions\/5386"}],"wp:attachment":[{"href":"https:\/\/afogadosonline.com.br\/index.php\/wp-json\/wp\/v2\/media?parent=5385"}],"wp:term":[{"taxonomy":"category","embeddable":true,"href":"https:\/\/afogadosonline.com.br\/index.php\/wp-json\/wp\/v2\/categories?post=5385"},{"taxonomy":"post_tag","embeddable":true,"href":"https:\/\/afogadosonline.com.br\/index.php\/wp-json\/wp\/v2\/tags?post=5385"}],"curies":[{"name":"wp","href":"https:\/\/api.w.org\/{rel}","templated":true}]}}