{"id":5383,"date":"2019-01-02T07:57:07","date_gmt":"2019-01-02T10:57:07","guid":{"rendered":"http:\/\/afogadosonline.com.br\/wp\/?p=5383"},"modified":"2019-01-02T07:57:07","modified_gmt":"2019-01-02T10:57:07","slug":"cinco-pontos-que-marcaram-os-discursos-de-posse-de-bolsonaro","status":"publish","type":"post","link":"https:\/\/afogadosonline.com.br\/index.php\/2019\/01\/02\/cinco-pontos-que-marcaram-os-discursos-de-posse-de-bolsonaro\/","title":{"rendered":"Cinco pontos que marcaram os discursos de posse de Bolsonaro"},"content":{"rendered":"<p><img fetchpriority=\"high\" decoding=\"async\" class=\"aligncenter\" src=\"https:\/\/p2.trrsf.com\/image\/fget\/cf\/460\/0\/images.terra.com\/2019\/01\/01\/michelle-seregio-moraes-rt.JPG\" alt=\"Michelle Bolsonaro fez discurso na L\u00c3\u00adngua Brasileira de Sinais\" width=\"459\" height=\"313\" \/><\/p>\n<p style=\"text-align: justify;\"><span style=\"font-family: verdana, geneva, sans-serif;\">O 38\u00ba presidente do Brasil, Jair Bolsonaro, assumiu o governo neste 1\u00ba de janeiro, em cerim\u00f4nias no Congresso, para o juramento constitucional e a assinatura do termo de posse, e no Pal\u00e1cio do Planalto, onde recebeu a faixa presidencial de Michel Temer.<\/span><\/p>\n<p style=\"text-align: justify;\"><span style=\"font-family: verdana, geneva, sans-serif;\">Bolsonaro manteve o tom de campanha e a defesa da pauta conservadora, al\u00e9m de abordar economia, crise econ\u00f4mica, seguran\u00e7a p\u00fablica e rela\u00e7\u00f5es exteriores.<\/span><br \/>\n<span style=\"font-family: verdana, geneva, sans-serif;\">A seguir, os principais pontos das falas do novo mandat\u00e1rio, com observa\u00e7\u00f5es de tr\u00eas analistas pol\u00edticos entrevistados pela imprensa.<\/span><\/p>\n<p style=\"text-align: justify;\"><strong><span style=\"font-family: verdana, geneva, sans-serif;\">&#8216;Valorizar fam\u00edlias e respeitar religi\u00f5es&#8217;<\/span><\/strong><\/p>\n<p style=\"text-align: justify;\"><span style=\"font-family: verdana, geneva, sans-serif;\">&#8220;Vamos unir o povo, valorizar a fam\u00edlia, respeitar as religi\u00f5es e nossa tradi\u00e7\u00e3o judaico-crist\u00e3, combater a ideologia de g\u00eanero, conservando nossos valores. O Brasil voltar\u00e1 a ser um pa\u00eds livre das amarras ideol\u00f3gicas&#8221;, afirmou Bolsonaro em seu discurso de posse no Congresso, refor\u00e7ando valores conservadores que foram centrais para a sua elei\u00e7\u00e3o.<\/span><\/p>\n<p style=\"text-align: justify;\"><span style=\"font-family: verdana, geneva, sans-serif;\">Esses mesmos temas foram repetidos com mais \u00eanfase mais tarde, no discurso perante a popula\u00e7\u00e3o no Planalto.<\/span><\/p>\n<p style=\"text-align: justify;\"><span style=\"font-family: verdana, geneva, sans-serif;\">&#8220;N\u00e3o podemos deixar que ideologias nefastas destruam valores e fam\u00edlias. (&#8230;) Temos o desafio de enfrentar os efeitos da crise econ\u00f4mica, do desemprego recorde, da ideologiza\u00e7\u00e3o de nossas crian\u00e7as, da desvirtualiza\u00e7\u00e3o dos direitos humanos, da desconstru\u00e7\u00e3o da fam\u00edlia.&#8221;<\/span><\/p>\n<p style=\"text-align: justify;\"><span style=\"font-family: verdana, geneva, sans-serif;\">&#8220;O discurso trouxe p\u00edlulas do que foi mais marcante na campanha de Bolsonaro e foi coerente com ela&#8221;, opina o analista pol\u00edtico Rafael Cortez, da consultoria Tend\u00eancias, em refer\u00eancia \u00e0 pauta conservadora de valores familiares. &#8220;\u00c9, tamb\u00e9m, um discurso de pouco apelo \u00e0 pluralidade ou ao di\u00e1logo entre as institui\u00e7\u00f5es, com men\u00e7\u00f5es apenas a uma maioria (da popula\u00e7\u00e3o) de perfil definido.&#8221;<\/span><\/p>\n<p style=\"text-align: justify;\"><strong><span style=\"font-family: verdana, geneva, sans-serif;\">&#8216;Seguran\u00e7a das pessoas&#8217;<\/span><\/strong><\/p>\n<p style=\"text-align: justify;\"><span style=\"font-family: verdana, geneva, sans-serif;\">No discurso \u00e0 na\u00e7\u00e3o, no Planalto, o momento em que Bolsonaro foi mais aplaudido foi quando falou de seguran\u00e7a p\u00fablica &#8211; outro ponto crucial de sua campanha eleitoral.<\/span><\/p>\n<p style=\"text-align: justify;\"><span style=\"font-family: verdana, geneva, sans-serif;\">&#8220;\u00c9 urgente acabar com a ideologia que defende bandidos e criminaliza policiais, que levou o Brasil a viver um aumento nos \u00edndices de viol\u00eancia e no poder do crime organizado, que tira vidas de inocentes, destr\u00f3i fam\u00edlias e leva inseguran\u00e7a. Nossa preocupa\u00e7\u00e3o ser\u00e1 com a seguran\u00e7a das pessoas de bem, da garantia do direito de propriedade e da leg\u00edtima defesa. Nosso compromisso \u00e9 valorizar o trabalho das for\u00e7as de seguran\u00e7a&#8221;, afirmou o presidente.<\/span><\/p>\n<p style=\"text-align: justify;\"><strong><span style=\"font-family: verdana, geneva, sans-serif;\">&#8216;Combater o socialismo&#8217;<\/span><\/strong><\/p>\n<p style=\"text-align: justify;\"><span style=\"font-family: verdana, geneva, sans-serif;\">&#8220;Este \u00e9 o dia em que o povo come\u00e7ou a se libertar do socialismo&#8221;, afirmou Bolsonaro, em uma entre diversas men\u00e7\u00f5es a &#8220;combate a vi\u00e9s ideol\u00f3gico&#8221; e a &#8220;ideologias nefastas&#8221;.<\/span><\/p>\n<p style=\"text-align: justify;\"><span style=\"font-family: verdana, geneva, sans-serif;\">&#8220;A constru\u00e7\u00e3o de uma na\u00e7\u00e3o mais justa e desenvolvida requer a ruptura com pr\u00e1ticas que se mostram nefastas para todos n\u00f3s, maculando a classe pol\u00edtica e atrasando o progresso. A irresponsabilidade nos conduziu \u00e0 maior crise \u00e9tica, moral e econ\u00f4mica de nossa hist\u00f3ria&#8221;, disse.<\/span><\/p>\n<p style=\"text-align: justify;\"><strong><span style=\"font-family: verdana, geneva, sans-serif;\">&#8216;Romper com antigas pr\u00e1ticas&#8217; e &#8216;reformas estruturantes&#8217;<\/span><\/strong><\/p>\n<p style=\"text-align: justify;\"><span style=\"font-family: verdana, geneva, sans-serif;\">Men\u00e7\u00f5es \u00e0 crise econ\u00f4mica, ao desemprego e \u00e0 corrup\u00e7\u00e3o tamb\u00e9m marcaram as falas do novo presidente.<\/span><\/p>\n<p style=\"text-align: justify;\"><span style=\"font-family: verdana, geneva, sans-serif;\">&#8220;Convoco cada um dos Congressistas para me ajudarem na miss\u00e3o de restaurar e de reerguer nossa p\u00e1tria, libertando-a, definitivamente, do jugo da corrup\u00e7\u00e3o, da criminalidade, da irresponsabilidade econ\u00f4mica e da submiss\u00e3o ideol\u00f3gica&#8221;, disse Bolsonaro na abertura de seu discurso de posse no Congresso.<\/span><\/p>\n<p style=\"text-align: justify;\"><strong><span style=\"font-family: verdana, geneva, sans-serif;\">&#8216;Brasil ocupar o lugar que merece&#8217;<\/span><\/strong><\/p>\n<p style=\"text-align: justify;\"><span style=\"font-family: verdana, geneva, sans-serif;\">Nas rela\u00e7\u00f5es internacionais, Bolsonaro disse querer &#8220;fazer o Brasil ocupar o lugar que merece no mundo&#8221;.<\/span><\/p>\n<p style=\"text-align: justify;\"><span style=\"font-family: verdana, geneva, sans-serif;\">Segundo ele, o objetivo \u00e9 &#8220;tirar o vi\u00e9s ideol\u00f3gico das rela\u00e7\u00f5es internacionais, que atendem interesses partid\u00e1rios que n\u00e3o o dos brasileiros&#8221;.<\/span><\/p>\n<p style=\"text-align: justify;\"><span style=\"font-family: verdana, geneva, sans-serif;\">A pol\u00edtica externa retomar\u00e1 o seu papel na defesa da soberania, na constru\u00e7\u00e3o da grandeza e no fomento ao desenvolvimento do Brasil.<\/span><\/p>\n","protected":false},"excerpt":{"rendered":"<p>O 38&ordm; presidente do Brasil, Jair Bolsonaro, assumiu o governo neste 1&ordm; de janeiro, em cerim&ocirc;nias no Congresso, para o juramento constitucional e a assinatura do termo de posse, e no Pal&aacute;cio do Planalto, onde recebeu a faixa presidencial de Michel Temer. Bolsonaro manteve o tom de campanha e a defesa da pauta conservadora, al&eacute;m &#8230; <a title=\"Cinco pontos que marcaram os discursos de posse de Bolsonaro\" class=\"read-more\" href=\"https:\/\/afogadosonline.com.br\/index.php\/2019\/01\/02\/cinco-pontos-que-marcaram-os-discursos-de-posse-de-bolsonaro\/\" aria-label=\"Read more about Cinco pontos que marcaram os discursos de posse de Bolsonaro\">Ler mais<\/a><\/p>\n","protected":false},"author":2,"featured_media":0,"comment_status":"open","ping_status":"open","sticky":false,"template":"","format":"standard","meta":{"footnotes":""},"categories":[2],"tags":[],"class_list":["post-5383","post","type-post","status-publish","format-standard","hentry","category-uncategorised"],"_links":{"self":[{"href":"https:\/\/afogadosonline.com.br\/index.php\/wp-json\/wp\/v2\/posts\/5383"}],"collection":[{"href":"https:\/\/afogadosonline.com.br\/index.php\/wp-json\/wp\/v2\/posts"}],"about":[{"href":"https:\/\/afogadosonline.com.br\/index.php\/wp-json\/wp\/v2\/types\/post"}],"author":[{"embeddable":true,"href":"https:\/\/afogadosonline.com.br\/index.php\/wp-json\/wp\/v2\/users\/2"}],"replies":[{"embeddable":true,"href":"https:\/\/afogadosonline.com.br\/index.php\/wp-json\/wp\/v2\/comments?post=5383"}],"version-history":[{"count":1,"href":"https:\/\/afogadosonline.com.br\/index.php\/wp-json\/wp\/v2\/posts\/5383\/revisions"}],"predecessor-version":[{"id":5384,"href":"https:\/\/afogadosonline.com.br\/index.php\/wp-json\/wp\/v2\/posts\/5383\/revisions\/5384"}],"wp:attachment":[{"href":"https:\/\/afogadosonline.com.br\/index.php\/wp-json\/wp\/v2\/media?parent=5383"}],"wp:term":[{"taxonomy":"category","embeddable":true,"href":"https:\/\/afogadosonline.com.br\/index.php\/wp-json\/wp\/v2\/categories?post=5383"},{"taxonomy":"post_tag","embeddable":true,"href":"https:\/\/afogadosonline.com.br\/index.php\/wp-json\/wp\/v2\/tags?post=5383"}],"curies":[{"name":"wp","href":"https:\/\/api.w.org\/{rel}","templated":true}]}}