{"id":40846,"date":"2026-09-05T18:13:06","date_gmt":"2026-09-05T21:13:06","guid":{"rendered":"https:\/\/afogadosonline.com.br\/?p=40846"},"modified":"2026-09-05T18:13:06","modified_gmt":"2026-09-05T21:13:06","slug":"nao-ha-divergencias-na-oposicao-disse-ze-negao-apos-anunciar-apoio-a-fernando-monteiro","status":"publish","type":"post","link":"https:\/\/afogadosonline.com.br\/index.php\/2026\/09\/05\/nao-ha-divergencias-na-oposicao-disse-ze-negao-apos-anunciar-apoio-a-fernando-monteiro\/","title":{"rendered":"&#8216;N\u00e3o h\u00e1 diverg\u00eancias na oposi\u00e7\u00e3o&#8217;, disse Z\u00e9 Neg\u00e3o ap\u00f3s anunciar apoio a Fernando Monteiro"},"content":{"rendered":"<p><img fetchpriority=\"high\" decoding=\"async\" class=\"aligncenter\" src=\"https:\/\/i0.wp.com\/nilljunior.com.br\/wp-content\/uploads\/2026\/01\/ZeNegao-19-01-26.png?fit=600%2C379&amp;ssl=1\" alt=\"Quem fez o acordo que diga \u00e0 popula\u00e7\u00e3o como foi\u201d, diz Z\u00e9 Neg\u00e3o \u2013 Nill Junior\" width=\"621\" height=\"393\" \/><\/p>\n<p style=\"text-align: justify;\"><span style=\"font-size: 14pt;\">O vereador Z\u00e9 Neg\u00e3o esteve acompanhando o candidato a deputado estadual Marconi Santana durante entrevista neste s\u00e1bado (05) na R\u00e1dio Paje\u00fa. Foi a primeira participa\u00e7\u00e3o em uma emissora de r\u00e1dio ap\u00f3s anunciar durante a semana o apoio a Fernando Monteiro para deputado federal.<\/span><\/p>\n<p style=\"text-align: justify;\"><span style=\"font-size: 14pt;\">Z\u00e9 Neg\u00e3o foi destaque durante a semana no tocante ao apoio para deputado federal por ele e por seu grupo.<\/span><\/p>\n<p style=\"text-align: justify;\"><span style=\"font-size: 14pt;\">A princ\u00edpio, Z\u00e9 apoiaria Danilo Sim\u00f5es para federal, depois, foi informado que Z\u00e9 teve uma conversa com Fernando Bezerra e que apoiaria Miguel Coelho para federal. Procurado, Z\u00e9 informou que realmente teve uma conversa, mas que n\u00e3o havia fechado apoio.<\/span><\/p>\n<p style=\"text-align: justify;\"><span style=\"font-size: 14pt;\">Ap\u00f3s tantas informa\u00e7\u00f5es, foi confirmado que o apoio do Z\u00e9 Neg\u00e3o e seu grupo n\u00e3o seria para Danilo Sim\u00f5es e nem para Miguel Coelho, e sim, para Fernando Monteiro.<\/span><\/p>\n<p style=\"text-align: justify;\"><span style=\"font-size: 14pt;\">Perguntando como ficaria a oposi\u00e7\u00e3o a partir de agora, principalmente para 2028, Z\u00e9 afirmou que continua firme com Danilo e que n\u00e3o h\u00e1 diverg\u00eancias dentro da oposi\u00e7\u00e3o. \u201cN\u00f3s n\u00e3o temos brigas, diverg\u00eancias com a pessoa de Danilo, a quest\u00e3o foi pol\u00edtica\u201d, disse Z\u00e9.<\/span><\/p>\n<p style=\"text-align: justify;\"><span style=\"font-size: 14pt;\">Sobre se a oposi\u00e7\u00e3o n\u00e3o saia enfraquecida com essa divis\u00e3o, Z\u00e9 disse que &#8220;\u00e9 somente aguardar o dia 4 (dia da Elei\u00e7\u00e3o) e somar os votos de Danilo, Romero Sales, Fernando Monteiro e Marconi Santana para saber realmente se houve esse enfraquecime<\/span>nto.&#8221;<\/p>\n","protected":false},"excerpt":{"rendered":"<p>O vereador Z&eacute; Neg&atilde;o esteve acompanhando o candidato a deputado estadual Marconi Santana durante entrevista neste s&aacute;bado (05) na R&aacute;dio Paje&uacute;. Foi a primeira participa&ccedil;&atilde;o em uma emissora de r&aacute;dio ap&oacute;s anunciar durante a semana o apoio a Fernando Monteiro para deputado federal. Z&eacute; Neg&atilde;o foi destaque durante a semana no tocante ao apoio para &#8230; <a title=\"&#8216;N\u00e3o h\u00e1 diverg\u00eancias na oposi\u00e7\u00e3o&#8217;, disse Z\u00e9 Neg\u00e3o ap\u00f3s anunciar apoio a Fernando Monteiro\" class=\"read-more\" href=\"https:\/\/afogadosonline.com.br\/index.php\/2026\/09\/05\/nao-ha-divergencias-na-oposicao-disse-ze-negao-apos-anunciar-apoio-a-fernando-monteiro\/\" aria-label=\"Read more about &#8216;N\u00e3o h\u00e1 diverg\u00eancias na oposi\u00e7\u00e3o&#8217;, disse Z\u00e9 Neg\u00e3o ap\u00f3s anunciar apoio a Fernando Monteiro\">Ler mais<\/a><\/p>\n","protected":false},"author":2,"featured_media":0,"comment_status":"closed","ping_status":"closed","sticky":false,"template":"","format":"standard","meta":{"footnotes":""},"categories":[2],"tags":[],"class_list":["post-40846","post","type-post","status-publish","format-standard","hentry","category-uncategorised"],"_links":{"self":[{"href":"https:\/\/afogadosonline.com.br\/index.php\/wp-json\/wp\/v2\/posts\/40846"}],"collection":[{"href":"https:\/\/afogadosonline.com.br\/index.php\/wp-json\/wp\/v2\/posts"}],"about":[{"href":"https:\/\/afogadosonline.com.br\/index.php\/wp-json\/wp\/v2\/types\/post"}],"author":[{"embeddable":true,"href":"https:\/\/afogadosonline.com.br\/index.php\/wp-json\/wp\/v2\/users\/2"}],"replies":[{"embeddable":true,"href":"https:\/\/afogadosonline.com.br\/index.php\/wp-json\/wp\/v2\/comments?post=40846"}],"version-history":[{"count":1,"href":"https:\/\/afogadosonline.com.br\/index.php\/wp-json\/wp\/v2\/posts\/40846\/revisions"}],"predecessor-version":[{"id":40847,"href":"https:\/\/afogadosonline.com.br\/index.php\/wp-json\/wp\/v2\/posts\/40846\/revisions\/40847"}],"wp:attachment":[{"href":"https:\/\/afogadosonline.com.br\/index.php\/wp-json\/wp\/v2\/media?parent=40846"}],"wp:term":[{"taxonomy":"category","embeddable":true,"href":"https:\/\/afogadosonline.com.br\/index.php\/wp-json\/wp\/v2\/categories?post=40846"},{"taxonomy":"post_tag","embeddable":true,"href":"https:\/\/afogadosonline.com.br\/index.php\/wp-json\/wp\/v2\/tags?post=40846"}],"curies":[{"name":"wp","href":"https:\/\/api.w.org\/{rel}","templated":true}]}}