{"id":40844,"date":"2026-09-05T09:32:08","date_gmt":"2026-09-05T12:32:08","guid":{"rendered":"https:\/\/afogadosonline.com.br\/?p=40844"},"modified":"2026-09-05T09:32:08","modified_gmt":"2026-09-05T12:32:08","slug":"com-lula-no-centro-eleicao-em-pernambuco-faz-o-x-nas-pesquisas-em-disputa-pelo-governo","status":"publish","type":"post","link":"https:\/\/afogadosonline.com.br\/index.php\/2026\/09\/05\/com-lula-no-centro-eleicao-em-pernambuco-faz-o-x-nas-pesquisas-em-disputa-pelo-governo\/","title":{"rendered":"Com Lula no centro, elei\u00e7\u00e3o em Pernambuco faz o &#8216;X&#8217; nas pesquisas em disputa pelo governo"},"content":{"rendered":"<p><img fetchpriority=\"high\" decoding=\"async\" class=\"aligncenter\" src=\"https:\/\/p2.trrsf.com\/image\/fget\/cf\/774\/0\/images.terra.com\/2026\/08\/27\/whatsapp-image-2026-08-27-at-16-22-23-qxfjgbcdnn8i.jpeg\" alt=\"Raquel Lyra (PSD), atual governadora, consolidou na \u00faltima semana a virada sobre Jo\u00e3o Campos (PSB), ex-prefeito do Recife\" width=\"649\" height=\"383\" \/><\/p>\n<p style=\"text-align: justify;\"><span style=\"font-size: 14pt;\">Com o presidente Luiz In\u00e1cio Lula da Silva (PT) no centro da disputa, as duas \u00faltimas rodadas da pesquisa Genial\/Quaest revelaram que a corrida eleitoral para o governo de Pernambuco fez um \u201cX\u201d, com o segundo nas pesquisas de inten\u00e7\u00e3o de voto ultrapassando o primeiro. Raquel Lyra (PSD), atual governadora, consolidou na \u00faltima semana a virada sobre Jo\u00e3o Campos (PSB), ex-prefeito do Recife, e virou favorita na disputa pelo comando do Pal\u00e1cio do Campo das Princesas.<\/span><\/p>\n<p style=\"text-align: justify;\"><span style=\"font-size: 14pt;\">Em abril, quando deixou a Prefeitura do Recife para disputar o governo estadual, Jo\u00e3o Campos liderava a corrida, com 46% das inten\u00e7\u00f5es de voto, contra 38% de Raquel. No fim de julho, a governadora passou \u00e0 frente, com 43%, contra 37% do socialista, acirrando a corrida. Na pesquisa mais recente da Quaest, divulgada na ter\u00e7a-feira, 25, Raquel ampliou a vantagem para 44%, enquanto Jo\u00e3o aparece com 36%.<\/span><\/p>\n<p style=\"text-align: justify;\"><span style=\"font-size: 14pt;\">A mudan\u00e7a ocorre paralelamente a uma forte melhora na avalia\u00e7\u00e3o do governo estadual. Em agosto de 2025, Raquel registrava cerca de 45% de desaprova\u00e7\u00e3o, ent\u00e3o seu pior resultado desde o in\u00edcio do mandato. Na pesquisa mais recente, a governadora aparece com 68% de aprova\u00e7\u00e3o e apenas 24% de desaprova\u00e7\u00e3o. Ao longo de 2025 e nos primeiros meses deste ano, os levantamentos eleitorais tamb\u00e9m mostravam Jo\u00e3o Campos \u00e0 frente.<\/span><\/p>\n<p style=\"text-align: justify;\"><span style=\"font-size: 14pt;\">Para os cientistas pol\u00edticos Ricardo Ismael, professor da PUC-Rio, e Ernani Carvalho, professor do Departamento de Ci\u00eancia Pol\u00edtica da Universidade Federal de Pernambuco (UFPE), a virada n\u00e3o pode ser explicada por um \u00fanico fator. O desempenho administrativo de Raquel, a presen\u00e7a pol\u00edtica no interior, a sa\u00edda de Jo\u00e3o da Prefeitura do Recife e a estrat\u00e9gia de alian\u00e7as contribu\u00edram para alterar o cen\u00e1rio.<\/span><\/p>\n<p style=\"text-align: justify;\"><span style=\"font-size: 14pt;\">Ismael avalia que a governadora conseguiu transformar a agenda administrativa em uma estrat\u00e9gia eleitoral, com uma intensifica\u00e7\u00e3o de obras e a\u00e7\u00f5es no Estado. Segundo ele, a mudan\u00e7a tamb\u00e9m foi acompanhada por uma comunica\u00e7\u00e3o pol\u00edtica mais eficiente nas redes sociais e por uma maior exposi\u00e7\u00e3o de Raquel junto aos munic\u00edpios.<\/span><\/p>\n<p style=\"text-align: justify;\"><span style=\"font-size: 14pt;\">\u201cEu acho que, em primeiro lugar, houve uma estrat\u00e9gia que me parece que foi muito bem sucedida da governadora Raquel Lyra, de passar a partir do in\u00edcio do ano, final do ano passado, in\u00edcio do ano, a, vamos dizer assim, acelerar obras, a assinar contratos, iniciando novas obras\u201d, avalia Ismael<\/span><\/p>\n<p style=\"text-align: justify;\"><span style=\"font-size: 14pt;\">O professor da PUC-Rio afirma que a estrat\u00e9gia ajudou Raquel a ganhar visibilidade justamente em \u00e1reas nas quais Jo\u00e3o tinha constru\u00eddo uma vantagem pol\u00edtica. A governadora passou a percorrer munic\u00edpios, anunciar investimentos e estabelecer uma comunica\u00e7\u00e3o, j\u00e1 o ex-prefeito deixou o comando de uma importante vitrine administrativa para se tornar candidato de oposi\u00e7\u00e3o.<\/span><\/p>\n<p style=\"text-align: justify;\"><span style=\"font-size: 14pt;\">A avalia\u00e7\u00e3o \u00e9 semelhante \u00e0 de Ernani Carvalho, para quem a melhora eleitoral de Raquel foi resultado de um processo mais longo de reorganiza\u00e7\u00e3o pol\u00edtica e administrativa. O professor destaca que a governadora passou a colher, especialmente a partir deste ano, os efeitos de investimentos que haviam sido estruturados anteriormente.<\/span><\/p>\n<p style=\"text-align: justify;\"><span style=\"font-size: 14pt;\">A transforma\u00e7\u00e3o de recursos em obras e pol\u00edticas p\u00fablicas, na avalia\u00e7\u00e3o dele, tamb\u00e9m ajudou a alterar a percep\u00e7\u00e3o do eleitor sobre a gest\u00e3o estadual. O resultado \u00e9 um cen\u00e1rio no qual a governadora passou a combinar vantagem eleitoral com uma avalia\u00e7\u00e3o positiva do governo.<\/span><\/p>\n<p style=\"text-align: justify;\"><span style=\"font-size: 14pt;\">\u201cIsso \u00e9 muito positivo, pois h\u00e1 fortes evid\u00eancias na ci\u00eancia pol\u00edtica de que gestores bem avaliados que buscam a reelei\u00e7\u00e3o t\u00eam uma probabilidade muito alta de sucesso\u201d, afirma Carvalho.<\/span><\/p>\n<p style=\"text-align: justify;\"><span style=\"font-size: 14pt;\">Outro elemento apontado pelos especialistas \u00e9 a diferen\u00e7a de posi\u00e7\u00e3o entre os dois candidatos. Jo\u00e3o Campos deixou a Prefeitura do Recife em abril. Raquel, ao contr\u00e1rio, permaneceu no cargo e p\u00f4de conciliar a agenda de governadora com a campanha pela reelei\u00e7\u00e3o.\u00a0<\/span><\/p>\n<p style=\"text-align: justify;\"><span style=\"font-size: 14pt;\">Para Ernani, essa diferen\u00e7a de \u201cincumb\u00eancia\u201d pesa na disputa. \u201cJo\u00e3o sai da prefeitura, ele perde a incumb\u00eancia. Ou seja, ele deixa de ter uma visibilidade p\u00fablica institucional pela prefeitura do Recife, que \u00e9 uma das grandes capitais do Brasil, e isso pesa.\u201d<\/span><\/p>\n<p style=\"text-align: justify;\"><span style=\"font-size: 14pt;\">A vantagem de Jo\u00e3o, por outro lado, permanece concentrada na Regi\u00e3o Metropolitana, onde sua gest\u00e3o como prefeito foi bem avaliada. Raquel, segundo os especialistas, conseguiu ampliar sua presen\u00e7a no interior, especialmente no Agreste e no Sert\u00e3o, al\u00e9m de construir uma rede de apoio entre os prefeitos.<\/span><\/p>\n<p style=\"text-align: justify;\"><span style=\"font-size: 14pt;\">A disputa territorial pode ser decisiva porque, segundo Ernani, a diferen\u00e7a de Jo\u00e3o na Regi\u00e3o Metropolitana vem diminuindo, e a vantagem de Raquel nas demais regi\u00f5es permanece ou aumenta.\u00a0<\/span><\/p>\n<p style=\"text-align: justify;\"><span style=\"font-size: 14pt;\"><strong>O efeito Lula pode alterar disputa<\/strong><\/span><\/p>\n<p style=\"text-align: justify;\"><span style=\"font-size: 14pt;\">Na avalia\u00e7\u00e3o feita pelos especialistas, a for\u00e7a de Lula \u00e9 um dos principais elementos que ainda podem alterar a disputa. O presidente continua sendo um cabo eleitoral importante em Pernambuco e mant\u00e9m forte presen\u00e7a pol\u00edtica no Nordeste. Jo\u00e3o Campos aposta nessa associa\u00e7\u00e3o, refor\u00e7ada pela alian\u00e7a entre PSB e PT.<\/span><\/p>\n<p style=\"text-align: justify;\"><span style=\"font-size: 14pt;\">Na avalia\u00e7\u00e3o de Ricardo Ismael, no entanto, a postura de Lula at\u00e9 aqui favorece Raquel. O presidente mant\u00e9m rela\u00e7\u00e3o institucional com a governadora e n\u00e3o adotou um discurso de confronto contra ela, o que permite \u00e0 candidata do PSD disputar parte do eleitorado lulista sem se apresentar como advers\u00e1ria do presidente.<\/span><\/p>\n<p style=\"text-align: justify;\"><span style=\"font-size: 14pt;\">\u201cEssa ambiguidade do Lula de que, vamos dizer, ele consegue trabalhar tamb\u00e9m com a Raquel Lira, caso ela seja eleita, isso tem prejudicado um pouco a campanha do Jo\u00e3o Campos, que procura, vamos dizer assim, dizer que ele \u00e9 o candidato preferido.\u201d<\/span><\/p>\n<p style=\"text-align: justify;\"><span style=\"font-size: 14pt;\">Para Ernani, o ponto central n\u00e3o \u00e9 apenas saber se Lula apoiar\u00e1 Campos, mas qual ser\u00e1 a intensidade desse apoio. Uma participa\u00e7\u00e3o mais agressiva do presidente poderia criar um confronto direto com Raquel, uma governadora bem avaliada e que poder\u00e1 ser importante para Lula num eventual segundo turno presidencial.<\/span><\/p>\n<p style=\"text-align: justify;\"><span style=\"font-size: 14pt;\">\u201cEnt\u00e3o, eu acho que, nesse momento, a grande quest\u00e3o n\u00e3o \u00e9 o apoio do presidente Lula, \u00e9 a intensidade desse apoio.\u201d<\/span><\/p>\n<p style=\"text-align: justify;\"><span style=\"font-size: 14pt;\"><strong>Disputa ainda aberta ou consolidada<\/strong><\/span><\/p>\n<p style=\"text-align: justify;\"><span style=\"font-size: 14pt;\">Apesar da virada, os especialistas n\u00e3o consideram a elei\u00e7\u00e3o definida. A pesquisa mostra que 72% dos eleitores dizem estar convictos da escolha, enquanto 27% ainda admitem mudar de voto. Para Ismael, o in\u00edcio da propaganda eleitoral e os debates podem produzir novos movimentos. \u201cAcho que a elei\u00e7\u00e3o n\u00e3o est\u00e1 definida ainda\u201d.<\/span><\/p>\n<p style=\"text-align: justify;\"><span style=\"font-size: 14pt;\">Ismael cita que uma den\u00fancia, um erro de campanha ou um desempenho particularmente forte de um dos candidatos pode modificar a percep\u00e7\u00e3o do eleitor em uma disputa polarizada. Ernani, por\u00e9m, considera que a vantagem atual de Raquel representa mais do que um movimento circunstancial. \u201cNa minha percep\u00e7\u00e3o, esse processo de fortalecimento da governadora \u00e9 um processo de consolida\u00e7\u00e3o&#8221;. <\/span><\/p>\n<p style=\"text-align: right;\"><span style=\"font-size: 14pt;\">Do Portal Terra<\/span><\/p>\n","protected":false},"excerpt":{"rendered":"<p>Com o presidente Luiz In&aacute;cio Lula da Silva (PT) no centro da disputa, as duas &uacute;ltimas rodadas da pesquisa Genial\/Quaest revelaram que a corrida eleitoral para o governo de Pernambuco fez um &ldquo;X&rdquo;, com o segundo nas pesquisas de inten&ccedil;&atilde;o de voto ultrapassando o primeiro. Raquel Lyra (PSD), atual governadora, consolidou na &uacute;ltima semana a &#8230; <a title=\"Com Lula no centro, elei\u00e7\u00e3o em Pernambuco faz o &#8216;X&#8217; nas pesquisas em disputa pelo governo\" class=\"read-more\" href=\"https:\/\/afogadosonline.com.br\/index.php\/2026\/09\/05\/com-lula-no-centro-eleicao-em-pernambuco-faz-o-x-nas-pesquisas-em-disputa-pelo-governo\/\" aria-label=\"Read more about Com Lula no centro, elei\u00e7\u00e3o em Pernambuco faz o &#8216;X&#8217; nas pesquisas em disputa pelo governo\">Ler mais<\/a><\/p>\n","protected":false},"author":2,"featured_media":0,"comment_status":"closed","ping_status":"closed","sticky":false,"template":"","format":"standard","meta":{"footnotes":""},"categories":[2],"tags":[],"class_list":["post-40844","post","type-post","status-publish","format-standard","hentry","category-uncategorised"],"_links":{"self":[{"href":"https:\/\/afogadosonline.com.br\/index.php\/wp-json\/wp\/v2\/posts\/40844"}],"collection":[{"href":"https:\/\/afogadosonline.com.br\/index.php\/wp-json\/wp\/v2\/posts"}],"about":[{"href":"https:\/\/afogadosonline.com.br\/index.php\/wp-json\/wp\/v2\/types\/post"}],"author":[{"embeddable":true,"href":"https:\/\/afogadosonline.com.br\/index.php\/wp-json\/wp\/v2\/users\/2"}],"replies":[{"embeddable":true,"href":"https:\/\/afogadosonline.com.br\/index.php\/wp-json\/wp\/v2\/comments?post=40844"}],"version-history":[{"count":1,"href":"https:\/\/afogadosonline.com.br\/index.php\/wp-json\/wp\/v2\/posts\/40844\/revisions"}],"predecessor-version":[{"id":40845,"href":"https:\/\/afogadosonline.com.br\/index.php\/wp-json\/wp\/v2\/posts\/40844\/revisions\/40845"}],"wp:attachment":[{"href":"https:\/\/afogadosonline.com.br\/index.php\/wp-json\/wp\/v2\/media?parent=40844"}],"wp:term":[{"taxonomy":"category","embeddable":true,"href":"https:\/\/afogadosonline.com.br\/index.php\/wp-json\/wp\/v2\/categories?post=40844"},{"taxonomy":"post_tag","embeddable":true,"href":"https:\/\/afogadosonline.com.br\/index.php\/wp-json\/wp\/v2\/tags?post=40844"}],"curies":[{"name":"wp","href":"https:\/\/api.w.org\/{rel}","templated":true}]}}