{"id":40841,"date":"2026-09-04T20:32:33","date_gmt":"2026-09-04T23:32:33","guid":{"rendered":"https:\/\/afogadosonline.com.br\/?p=40841"},"modified":"2026-09-04T20:32:33","modified_gmt":"2026-09-04T23:32:33","slug":"tre-pe-alerta-sobre-uso-de-fogos-de-artificio-em-atos-de-campanha","status":"publish","type":"post","link":"https:\/\/afogadosonline.com.br\/index.php\/2026\/09\/04\/tre-pe-alerta-sobre-uso-de-fogos-de-artificio-em-atos-de-campanha\/","title":{"rendered":"TRE-PE alerta sobre uso de fogos de artif\u00edcio em atos de campanha"},"content":{"rendered":"<p><img fetchpriority=\"high\" decoding=\"async\" class=\"aligncenter\" src=\"https:\/\/www.tre-pe.jus.br\/imagens\/fotos\/tre-pe-alerta-para-uso-de-fogos-de-artificio-em-atos-de-campanha\/@@images\/image-1140-0847e2793ec4b8dd1cbdfdd883bc405a.jpeg\" alt=\"TRE-PE alerta para uso de fogos de artif\u00edcio em atos de campanha\" width=\"602\" height=\"290\" \/><\/p>\n<p style=\"text-align: justify;\"><span style=\"font-size: 14pt;\">O Tribunal Regional Eleitoral de Pernambuco (TRE-PE) alerta partidos pol\u00edticos, federa\u00e7\u00f5es, coliga\u00e7\u00f5es, candidatas, candidatos e apoiadores para os cuidados com o uso de fogos de artif\u00edcio durante com\u00edcios, carreatas, passeatas e outros atos de campanha.<\/span><\/p>\n<p style=\"text-align: justify;\"><span style=\"font-size: 14pt;\">A orienta\u00e7\u00e3o consta da Nota T\u00e9cnica Conjunta n\u00ba 01\/2026, que re\u00fane par\u00e2metros para auxiliar ju\u00edzas e ju\u00edzes eleitorais na organiza\u00e7\u00e3o e fiscaliza\u00e7\u00e3o das Elei\u00e7\u00f5es 2026. O documento destaca que a legisla\u00e7\u00e3o eleitoral pro\u00edbe propaganda que perturbe o sossego p\u00fablico por meio de instrumentos sonoros ou sinais ac\u00fasticos, inclusive os provocados por fogos de artif\u00edcio.<\/span><\/p>\n<p style=\"text-align: justify;\"><span style=\"font-size: 14pt;\">O TRE-PE chama aten\u00e7\u00e3o para os impactos provocados pelos estampidos dos fogos, que pode afetar especialmente pessoas com transtorno do espectro autista (TEA) ou hipersensibilidade sensorial, pessoas idosas e crian\u00e7as, al\u00e9m de causar sofrimento a animais. Na Nota T\u00e9cnica, o TRE-PE acolheu uma sugest\u00e3o da OAB-PE sobre o tema.<\/span><\/p>\n<p style=\"text-align: justify;\"><span style=\"font-size: 14pt;\">Al\u00e9m das regras eleitorais, devem ser observadas as restri\u00e7\u00f5es previstas na legisla\u00e7\u00e3o estadual e nas normas municipais. Em Pernambuco, a Nota T\u00e9cnica cita expressamente a Lei Estadual n\u00ba 15.736\/2016, que disciplina a utiliza\u00e7\u00e3o, a queima e a soltura de fogos de artif\u00edcio e de artefatos pirot\u00e9cnicos de efeito sonoro ruidoso.<\/span><\/p>\n<p style=\"text-align: justify;\"><span style=\"font-size: 14pt;\">A legisla\u00e7\u00e3o estadual pro\u00edbe o uso de fogos de artif\u00edcio das classes C e D que produzam estampidos, como determinados foguetes, baterias, morteiros e outros artefatos de maior pot\u00eancia sonora. A restri\u00e7\u00e3o n\u00e3o alcan\u00e7a os chamados fogos de vista, que produzem efeitos visuais sem estampido, nem artefatos de baixo ru\u00eddo.<\/span><\/p>\n<p style=\"text-align: justify;\"><span style=\"font-size: 14pt;\">A recomenda\u00e7\u00e3o \u00e9 que as campanhas adotem alternativas que permitam a realiza\u00e7\u00e3o das manifesta\u00e7\u00f5es eleitorais com respeito ao sossego p\u00fablico e \u00e0s pessoas e animais mais sens\u00edveis aos est\u00edmulos sonoros.<\/span><\/p>\n<p style=\"text-align: justify;\"><span style=\"font-size: 14pt;\">Irregularidades relacionadas a este tema podem ser denunciadas pelo aplicativo Pardal, da Justi\u00e7a Eleitoral.<\/span><\/p>\n","protected":false},"excerpt":{"rendered":"<p>O Tribunal Regional Eleitoral de Pernambuco (TRE-PE) alerta partidos pol&iacute;ticos, federa&ccedil;&otilde;es, coliga&ccedil;&otilde;es, candidatas, candidatos e apoiadores para os cuidados com o uso de fogos de artif&iacute;cio durante com&iacute;cios, carreatas, passeatas e outros atos de campanha. A orienta&ccedil;&atilde;o consta da Nota T&eacute;cnica Conjunta n&ordm; 01\/2026, que re&uacute;ne par&acirc;metros para auxiliar ju&iacute;zas e ju&iacute;zes eleitorais na organiza&ccedil;&atilde;o &#8230; <a title=\"TRE-PE alerta sobre uso de fogos de artif\u00edcio em atos de campanha\" class=\"read-more\" href=\"https:\/\/afogadosonline.com.br\/index.php\/2026\/09\/04\/tre-pe-alerta-sobre-uso-de-fogos-de-artificio-em-atos-de-campanha\/\" aria-label=\"Read more about TRE-PE alerta sobre uso de fogos de artif\u00edcio em atos de campanha\">Ler mais<\/a><\/p>\n","protected":false},"author":2,"featured_media":0,"comment_status":"closed","ping_status":"closed","sticky":false,"template":"","format":"standard","meta":{"footnotes":""},"categories":[2],"tags":[],"class_list":["post-40841","post","type-post","status-publish","format-standard","hentry","category-uncategorised"],"_links":{"self":[{"href":"https:\/\/afogadosonline.com.br\/index.php\/wp-json\/wp\/v2\/posts\/40841"}],"collection":[{"href":"https:\/\/afogadosonline.com.br\/index.php\/wp-json\/wp\/v2\/posts"}],"about":[{"href":"https:\/\/afogadosonline.com.br\/index.php\/wp-json\/wp\/v2\/types\/post"}],"author":[{"embeddable":true,"href":"https:\/\/afogadosonline.com.br\/index.php\/wp-json\/wp\/v2\/users\/2"}],"replies":[{"embeddable":true,"href":"https:\/\/afogadosonline.com.br\/index.php\/wp-json\/wp\/v2\/comments?post=40841"}],"version-history":[{"count":1,"href":"https:\/\/afogadosonline.com.br\/index.php\/wp-json\/wp\/v2\/posts\/40841\/revisions"}],"predecessor-version":[{"id":40842,"href":"https:\/\/afogadosonline.com.br\/index.php\/wp-json\/wp\/v2\/posts\/40841\/revisions\/40842"}],"wp:attachment":[{"href":"https:\/\/afogadosonline.com.br\/index.php\/wp-json\/wp\/v2\/media?parent=40841"}],"wp:term":[{"taxonomy":"category","embeddable":true,"href":"https:\/\/afogadosonline.com.br\/index.php\/wp-json\/wp\/v2\/categories?post=40841"},{"taxonomy":"post_tag","embeddable":true,"href":"https:\/\/afogadosonline.com.br\/index.php\/wp-json\/wp\/v2\/tags?post=40841"}],"curies":[{"name":"wp","href":"https:\/\/api.w.org\/{rel}","templated":true}]}}